{"id":3415,"date":"2024-01-10T19:00:08","date_gmt":"2024-01-10T17:00:08","guid":{"rendered":"https:\/\/www2.memri.org\/espanol\/tv\/?p=3415"},"modified":"2024-01-10T19:00:08","modified_gmt":"2024-01-10T17:00:08","slug":"jeque-de-al-azhar-ahmad-al-tayyeb-la-guerra-en-gaza-es-una-guerra-genocida-las-cosas-cambiaran-si-cortamos-el-suministro-de-petroleo-y-dejamos-de-proveer-material-de-nuestras-minas-a-las-fa","status":"publish","type":"post","link":"https:\/\/www2.memri.org\/espanol\/tv\/2024\/01\/10\/jeque-de-al-azhar-ahmad-al-tayyeb-la-guerra-en-gaza-es-una-guerra-genocida-las-cosas-cambiaran-si-cortamos-el-suministro-de-petroleo-y-dejamos-de-proveer-material-de-nuestras-minas-a-las-fa\/","title":{"rendered":"Jeque de Al-Azhar Ahmad Al-Tayyeb: \u201cLa guerra en Gaza es una guerra genocida; Las cosas cambiar\u00e1n si cortamos el suministro de petr\u00f3leo y dejamos de proveer material de nuestras minas a las f\u00e1bricas europeas\u201d"},"content":{"rendered":"<p>[videopack id=&#8221;3419&#8243;]https:\/\/www2.memri.org\/espanol\/tv\/wp-content\/uploads\/2024\/01\/10785-ESP.mp4[\/videopack]<\/p>\n<p><em>El jeque de Al-Azhar Ahmad Al-Tayyeb fue entrevistado el 23 de diciembre de 2023 en el Canal 1 de la televisi\u00f3n egipcia. En este contexto, Al Tayyeb sostuvo que la guerra en Gaza es una guerra genocida y que el 7 de octubre no fue una acci\u00f3n en s\u00ed misma, sino una reacci\u00f3n a una &#8220;cadena de masacres&#8221;.<\/em><\/p>\n<p><em>Al-Tayyeb dijo que, si Egipto corta el suministro de petr\u00f3leo y deja de proveer material de sus minas a las f\u00e1bricas europeas, &#8220;las cosas cambiar\u00e1n&#8221;. <\/em><\/p>\n","protected":false},"excerpt":{"rendered":"<p>[videopack id=&#8221;3419&#8243;]<\/p>\n<p><em>El jeque de Al-Azhar Ahmad Al-Tayyeb fue entrevistado el 23 de diciembre de 2023 en el Canal 1 de la televisi\u00f3n egipcia. En este contexto, Al Tayyeb sostuvo que la guerra en Gaza es una guerra genocida y que el 7 de octubre no fue una acci\u00f3n en s\u00ed misma, sino una reacci\u00f3n a una &#8220;cadena de masacres&#8221;.<\/em><\/p>\n<p><em>Al-Tayyeb dijo que, si Egipto corta el suministro de petr\u00f3leo y deja de proveer material de sus minas a las f\u00e1bricas europeas, &#8220;las cosas cambiar\u00e1n&#8221;. <\/em><\/p>\n","protected":false},"author":3,"featured_media":3417,"comment_status":"open","ping_status":"open","sticky":false,"template":"","format":"video","meta":{"footnotes":""},"categories":[11,2],"tags":[],"class_list":["post-3415","post","type-post","status-publish","format-video","has-post-thumbnail","hentry","category-egipto","category-featured","post_format-post-format-video"],"_links":{"self":[{"href":"https:\/\/www2.memri.org\/espanol\/tv\/wp-json\/wp\/v2\/posts\/3415","targetHints":{"allow":["GET"]}}],"collection":[{"href":"https:\/\/www2.memri.org\/espanol\/tv\/wp-json\/wp\/v2\/posts"}],"about":[{"href":"https:\/\/www2.memri.org\/espanol\/tv\/wp-json\/wp\/v2\/types\/post"}],"author":[{"embeddable":true,"href":"https:\/\/www2.memri.org\/espanol\/tv\/wp-json\/wp\/v2\/users\/3"}],"replies":[{"embeddable":true,"href":"https:\/\/www2.memri.org\/espanol\/tv\/wp-json\/wp\/v2\/comments?post=3415"}],"version-history":[{"count":0,"href":"https:\/\/www2.memri.org\/espanol\/tv\/wp-json\/wp\/v2\/posts\/3415\/revisions"}],"wp:featuredmedia":[{"embeddable":true,"href":"https:\/\/www2.memri.org\/espanol\/tv\/wp-json\/wp\/v2\/media\/3417"}],"wp:attachment":[{"href":"https:\/\/www2.memri.org\/espanol\/tv\/wp-json\/wp\/v2\/media?parent=3415"}],"wp:term":[{"taxonomy":"category","embeddable":true,"href":"https:\/\/www2.memri.org\/espanol\/tv\/wp-json\/wp\/v2\/categories?post=3415"},{"taxonomy":"post_tag","embeddable":true,"href":"https:\/\/www2.memri.org\/espanol\/tv\/wp-json\/wp\/v2\/tags?post=3415"}],"curies":[{"name":"wp","href":"https:\/\/api.w.org\/{rel}","templated":true}]}}