{"id":3410,"date":"2024-01-10T18:49:37","date_gmt":"2024-01-10T16:49:37","guid":{"rendered":"https:\/\/www2.memri.org\/espanol\/tv\/?p=3410"},"modified":"2024-01-10T18:49:37","modified_gmt":"2024-01-10T16:49:37","slug":"alto-funcionario-de-hamas-zaher-jabareen-en-funeral-de-saleh-al-arouri-ustedes-le-dieron-a-la-ocupacion-un-sabor-de-muerte-subita-y-nos-ensenaron-que-el-enemigo-solo-entiende-el-lenguaje-de","status":"publish","type":"post","link":"https:\/\/www2.memri.org\/espanol\/tv\/2024\/01\/10\/alto-funcionario-de-hamas-zaher-jabareen-en-funeral-de-saleh-al-arouri-ustedes-le-dieron-a-la-ocupacion-un-sabor-de-muerte-subita-y-nos-ensenaron-que-el-enemigo-solo-entiende-el-lenguaje-de\/","title":{"rendered":"Alto funcionario de Ham\u00e1s Zaher Jabareen en funeral de Saleh Al-Arouri: \u201cUstedes le dieron a la ocupaci\u00f3n un sabor de muerte s\u00fabita y nos ense\u00f1aron que el enemigo s\u00f3lo entiende el lenguaje de las armas, de los combates y la yihad\u201d"},"content":{"rendered":"<p>[videopack id=&#8221;3414&#8243;]https:\/\/www2.memri.org\/espanol\/tv\/wp-content\/uploads\/2024\/01\/10784.-ESPmp4.mp4[\/videopack]<\/p>\n<p><em>Zaher Jabareen, miembro del bur\u00f3 pol\u00edtico de Ham\u00e1s, elogi\u00f3 al n\u00famero dos de Ham\u00e1s, Saleh Al-Arouri, en su funeral, que fue transmitido por la red Al-Jazeera (Qatar) el 4 de enero de 2024. Jabareen dijo que fue Al-Arouri quien fund\u00f3 el ala militar de Ham\u00e1s, las Brigadas Izz Al-Din Al-Qassam en Cisjordania, y &#8220;le dio a la ocupaci\u00f3n un sabor de muerte s\u00fabita&#8221;.<\/em><\/p>\n<p><em>\u00a0Jabareen dijo tambi\u00e9n que fue Al-Arouri quien le ense\u00f1\u00f3 a Ham\u00e1s que la ocupaci\u00f3n s\u00f3lo entiende el lenguaje de las armas, de la lucha y la yihad. <\/em><\/p>\n<p><em>Saleh Al-Arouri muri\u00f3 en Beirut, L\u00edbano, en un ataque atribuido a Israel el 2 de enero de 2024. <\/em><\/p>\n","protected":false},"excerpt":{"rendered":"<p>[videopack id=&#8221;3414&#8243;]<\/p>\n<p><em>Zaher Jabareen, miembro del bur\u00f3 pol\u00edtico de Ham\u00e1s, elogi\u00f3 al n\u00famero dos de Ham\u00e1s, Saleh Al-Arouri, en su funeral, que fue transmitido por la red Al-Jazeera (Qatar) el 4 de enero de 2024. Jabareen dijo que fue Al-Arouri quien fund\u00f3 el ala militar de Ham\u00e1s, las Brigadas Izz Al-Din Al-Qassam en Cisjordania, y &#8220;le dio a la ocupaci\u00f3n un sabor de muerte s\u00fabita&#8221;.<\/em><\/p>\n<p><em>\u00a0Jabareen dijo tambi\u00e9n que fue Al-Arouri quien le ense\u00f1\u00f3 a Ham\u00e1s que la ocupaci\u00f3n s\u00f3lo entiende el lenguaje de las armas, de la lucha y la yihad. <\/em><\/p>\n<p><em>Saleh Al-Arouri muri\u00f3 en Beirut, L\u00edbano, en un ataque atribuido a Israel el 2 de enero de 2024. <\/em><\/p>\n","protected":false},"author":3,"featured_media":3412,"comment_status":"open","ping_status":"open","sticky":false,"template":"","format":"video","meta":{"footnotes":""},"categories":[2,611],"tags":[],"class_list":["post-3410","post","type-post","status-publish","format-video","has-post-thumbnail","hentry","category-featured","category-hamas-2","post_format-post-format-video"],"_links":{"self":[{"href":"https:\/\/www2.memri.org\/espanol\/tv\/wp-json\/wp\/v2\/posts\/3410","targetHints":{"allow":["GET"]}}],"collection":[{"href":"https:\/\/www2.memri.org\/espanol\/tv\/wp-json\/wp\/v2\/posts"}],"about":[{"href":"https:\/\/www2.memri.org\/espanol\/tv\/wp-json\/wp\/v2\/types\/post"}],"author":[{"embeddable":true,"href":"https:\/\/www2.memri.org\/espanol\/tv\/wp-json\/wp\/v2\/users\/3"}],"replies":[{"embeddable":true,"href":"https:\/\/www2.memri.org\/espanol\/tv\/wp-json\/wp\/v2\/comments?post=3410"}],"version-history":[{"count":0,"href":"https:\/\/www2.memri.org\/espanol\/tv\/wp-json\/wp\/v2\/posts\/3410\/revisions"}],"wp:featuredmedia":[{"embeddable":true,"href":"https:\/\/www2.memri.org\/espanol\/tv\/wp-json\/wp\/v2\/media\/3412"}],"wp:attachment":[{"href":"https:\/\/www2.memri.org\/espanol\/tv\/wp-json\/wp\/v2\/media?parent=3410"}],"wp:term":[{"taxonomy":"category","embeddable":true,"href":"https:\/\/www2.memri.org\/espanol\/tv\/wp-json\/wp\/v2\/categories?post=3410"},{"taxonomy":"post_tag","embeddable":true,"href":"https:\/\/www2.memri.org\/espanol\/tv\/wp-json\/wp\/v2\/tags?post=3410"}],"curies":[{"name":"wp","href":"https:\/\/api.w.org\/{rel}","templated":true}]}}