{"id":3400,"date":"2024-01-09T08:40:32","date_gmt":"2024-01-09T06:40:32","guid":{"rendered":"https:\/\/www2.memri.org\/espanol\/tv\/?p=3400"},"modified":"2024-01-08T16:16:58","modified_gmt":"2024-01-08T14:16:58","slug":"las-brigadas-de-yenin-exhiben-entrenamiento-de-fuerzas-especiales-en-guerra-urbana","status":"publish","type":"post","link":"https:\/\/www2.memri.org\/espanol\/tv\/2024\/01\/09\/las-brigadas-de-yenin-exhiben-entrenamiento-de-fuerzas-especiales-en-guerra-urbana\/","title":{"rendered":"Las Brigadas de Yen\u00edn exhiben entrenamiento de \u201cfuerzas especiales\u201d en guerra urbana"},"content":{"rendered":"<p>[videopack id=&#8221;3404&#8243;]https:\/\/www2.memri.org\/espanol\/tv\/wp-content\/uploads\/2024\/01\/10782-ESP.mp4[\/videopack]<\/p>\n<p><em>El 3 de enero de 2024, las Brigadas de Yen\u00edn transmitieron un video de sus \u201cfuerzas especiales\u201d utilizando equipo militar completo en entrenamiento en guerra urbana. El video fue publicado en el canal de Telegram Hornet&#8217;s Nest \u2013 campo de refugiados de Yen\u00edn. Las Brigadas de Yen\u00edn son un grupo terrorista fundado en 2021 y tiene v\u00ednculos con la organizaci\u00f3n Yihad Isl\u00e1mica Palestina, as\u00ed como tambi\u00e9n con otros grupos m\u00e1s establecidos.<\/em><\/p>\n","protected":false},"excerpt":{"rendered":"<p>[videopack id=&#8221;3404&#8243;]<\/p>\n<p><em>El 3 de enero de 2024, las Brigadas de Yen\u00edn transmitieron un video de sus \u201cfuerzas especiales\u201d utilizando equipo militar completo en entrenamiento en guerra urbana. El video fue publicado en el canal de Telegram Hornet&#8217;s Nest \u2013 campo de refugiados de Yen\u00edn. Las Brigadas de Yen\u00edn son un grupo terrorista fundado en 2021 y tiene v\u00ednculos con la organizaci\u00f3n Yihad Isl\u00e1mica Palestina, as\u00ed como tambi\u00e9n con otros grupos m\u00e1s establecidos.<\/em><\/p>\n","protected":false},"author":3,"featured_media":3402,"comment_status":"open","ping_status":"open","sticky":false,"template":"","format":"video","meta":{"footnotes":""},"categories":[2,19],"tags":[],"class_list":["post-3400","post","type-post","status-publish","format-video","has-post-thumbnail","hentry","category-featured","category-palestina","post_format-post-format-video"],"_links":{"self":[{"href":"https:\/\/www2.memri.org\/espanol\/tv\/wp-json\/wp\/v2\/posts\/3400","targetHints":{"allow":["GET"]}}],"collection":[{"href":"https:\/\/www2.memri.org\/espanol\/tv\/wp-json\/wp\/v2\/posts"}],"about":[{"href":"https:\/\/www2.memri.org\/espanol\/tv\/wp-json\/wp\/v2\/types\/post"}],"author":[{"embeddable":true,"href":"https:\/\/www2.memri.org\/espanol\/tv\/wp-json\/wp\/v2\/users\/3"}],"replies":[{"embeddable":true,"href":"https:\/\/www2.memri.org\/espanol\/tv\/wp-json\/wp\/v2\/comments?post=3400"}],"version-history":[{"count":0,"href":"https:\/\/www2.memri.org\/espanol\/tv\/wp-json\/wp\/v2\/posts\/3400\/revisions"}],"wp:featuredmedia":[{"embeddable":true,"href":"https:\/\/www2.memri.org\/espanol\/tv\/wp-json\/wp\/v2\/media\/3402"}],"wp:attachment":[{"href":"https:\/\/www2.memri.org\/espanol\/tv\/wp-json\/wp\/v2\/media?parent=3400"}],"wp:term":[{"taxonomy":"category","embeddable":true,"href":"https:\/\/www2.memri.org\/espanol\/tv\/wp-json\/wp\/v2\/categories?post=3400"},{"taxonomy":"post_tag","embeddable":true,"href":"https:\/\/www2.memri.org\/espanol\/tv\/wp-json\/wp\/v2\/tags?post=3400"}],"curies":[{"name":"wp","href":"https:\/\/api.w.org\/{rel}","templated":true}]}}