{"id":3356,"date":"2024-01-07T14:12:22","date_gmt":"2024-01-07T12:12:22","guid":{"rendered":"https:\/\/www2.memri.org\/espanol\/tv\/?p=3356"},"modified":"2024-01-07T14:12:22","modified_gmt":"2024-01-07T12:12:22","slug":"periodista-libanes-tony-abi-najem-en-hezbollah-son-expertos-en-destruccion-yendo-de-una-catastrofe-a-otra-no-simpatizo-en-absoluto-con-ellos-no-tienen-autoridad-alguna-para-abrir-un-frent","status":"publish","type":"post","link":"https:\/\/www2.memri.org\/espanol\/tv\/2024\/01\/07\/periodista-libanes-tony-abi-najem-en-hezbollah-son-expertos-en-destruccion-yendo-de-una-catastrofe-a-otra-no-simpatizo-en-absoluto-con-ellos-no-tienen-autoridad-alguna-para-abrir-un-frent\/","title":{"rendered":"Periodista liban\u00e9s Tony Abi Najem: \u201cEn Hezbollah son expertos en destrucci\u00f3n, yendo de una cat\u00e1strofe a otra. No simpatizo en absoluto con ellos; no tienen autoridad alguna para abrir un frente con Israel\u201d"},"content":{"rendered":"<p><em>[videopack id=&#8221;3360&#8243;]https:\/\/www2.memri.org\/espanol\/tv\/wp-content\/uploads\/2024\/01\/10770.-ESPmp4.mp4[\/videopack]<\/em><\/p>\n<p><em><br \/>\nEl periodista liban\u00e9s Tony Abi Najem critic\u00f3 duramente a Hezbollah y su actual conflicto militar con Israel en un programa transmitido el 20 de diciembre de 2023 en Lebanon On (YouTube). En este sentido, Abi Najem dijo que Hezbollah no tiene autoridad para abrir ning\u00fan frente contra Israel en el sur del L\u00edbano. Tambi\u00e9n sostuvo que en Hezbollah son expertos en destrucci\u00f3n y que son los contribuyentes libaneses quienes deben pagar para cubrir los da\u00f1os causados en el sur del L\u00edbano, lo que resulta perjudicial para la econom\u00eda del L\u00edbano. <\/em><\/p>\n<p><em>Abi Najem se\u00f1al\u00f3 que no tiene ninguna obligaci\u00f3n de ser solidario con Hezbollah, que lleva al pa\u00eds de &#8220;una cat\u00e1strofe a otra&#8221;. Tambi\u00e9n declar\u00f3 que los agentes de Hezbollah que murieron en batalla con Israel no son m\u00e1rtires, &#8220;son combatientes que siguieron \u00f3rdenes no-libanesas [\u2026] \u00bfqu\u00e9 nos importa eso a nosotros?&#8221; <\/em><\/p>\n","protected":false},"excerpt":{"rendered":"<p><em>[videopack id=&#8221;3360&#8243;]<\/p>\n<p><em><br \/>\nEl periodista liban\u00e9s Tony Abi Najem critic\u00f3 duramente a Hezbollah y su actual conflicto militar con Israel en un programa transmitido el 20 de diciembre de 2023 en Lebanon On (YouTube). En este sentido, Abi Najem dijo que Hezbollah no tiene autoridad para abrir ning\u00fan frente contra Israel en el sur del L\u00edbano. Tambi\u00e9n sostuvo que en Hezbollah son expertos en destrucci\u00f3n y que son los contribuyentes libaneses quienes deben pagar para cubrir los da\u00f1os causados en el sur del L\u00edbano, lo que resulta perjudicial para la econom\u00eda del L\u00edbano. <\/em><\/p>\n<p><em>Abi Najem se\u00f1al\u00f3 que no tiene ninguna obligaci\u00f3n de ser solidario con Hezbollah, que lleva al pa\u00eds de &#8220;una cat\u00e1strofe a otra&#8221;. Tambi\u00e9n declar\u00f3 que los agentes de Hezbollah que murieron en batalla con Israel no son m\u00e1rtires, &#8220;son combatientes que siguieron \u00f3rdenes no-libanesas [\u2026] \u00bfqu\u00e9 nos importa eso a nosotros?&#8221; <\/em><\/p>\n","protected":false},"author":3,"featured_media":3358,"comment_status":"open","ping_status":"open","sticky":false,"template":"","format":"video","meta":{"footnotes":""},"categories":[2,18],"tags":[],"class_list":["post-3356","post","type-post","status-publish","format-video","has-post-thumbnail","hentry","category-featured","category-libano","post_format-post-format-video"],"_links":{"self":[{"href":"https:\/\/www2.memri.org\/espanol\/tv\/wp-json\/wp\/v2\/posts\/3356","targetHints":{"allow":["GET"]}}],"collection":[{"href":"https:\/\/www2.memri.org\/espanol\/tv\/wp-json\/wp\/v2\/posts"}],"about":[{"href":"https:\/\/www2.memri.org\/espanol\/tv\/wp-json\/wp\/v2\/types\/post"}],"author":[{"embeddable":true,"href":"https:\/\/www2.memri.org\/espanol\/tv\/wp-json\/wp\/v2\/users\/3"}],"replies":[{"embeddable":true,"href":"https:\/\/www2.memri.org\/espanol\/tv\/wp-json\/wp\/v2\/comments?post=3356"}],"version-history":[{"count":0,"href":"https:\/\/www2.memri.org\/espanol\/tv\/wp-json\/wp\/v2\/posts\/3356\/revisions"}],"wp:featuredmedia":[{"embeddable":true,"href":"https:\/\/www2.memri.org\/espanol\/tv\/wp-json\/wp\/v2\/media\/3358"}],"wp:attachment":[{"href":"https:\/\/www2.memri.org\/espanol\/tv\/wp-json\/wp\/v2\/media?parent=3356"}],"wp:term":[{"taxonomy":"category","embeddable":true,"href":"https:\/\/www2.memri.org\/espanol\/tv\/wp-json\/wp\/v2\/categories?post=3356"},{"taxonomy":"post_tag","embeddable":true,"href":"https:\/\/www2.memri.org\/espanol\/tv\/wp-json\/wp\/v2\/tags?post=3356"}],"curies":[{"name":"wp","href":"https:\/\/api.w.org\/{rel}","templated":true}]}}