{"id":3345,"date":"2024-01-04T08:52:41","date_gmt":"2024-01-04T06:52:41","guid":{"rendered":"https:\/\/www2.memri.org\/espanol\/tv\/?p=3345"},"modified":"2024-01-04T08:52:41","modified_gmt":"2024-01-04T06:52:41","slug":"alto-funcionario-de-hamas-osama-hamdan-el-objetivo-del-7-de-octubre-fue-atraer-la-atencion-internacional-hacia-la-causa-palestina-y-exponer-la-ocupacion-nazi-y-salvaje-israeli","status":"publish","type":"post","link":"https:\/\/www2.memri.org\/espanol\/tv\/2024\/01\/04\/alto-funcionario-de-hamas-osama-hamdan-el-objetivo-del-7-de-octubre-fue-atraer-la-atencion-internacional-hacia-la-causa-palestina-y-exponer-la-ocupacion-nazi-y-salvaje-israeli\/","title":{"rendered":"Alto funcionario de Ham\u00e1s Osama Hamdan: \u201cEl objetivo del 7 de octubre fue atraer la atenci\u00f3n internacional hacia la causa palestina y exponer la ocupaci\u00f3n nazi y salvaje israel\u00ed\u201d"},"content":{"rendered":"<p>[videopack id=&#8221;3349&#8243;]https:\/\/www2.memri.org\/espanol\/tv\/wp-content\/uploads\/2024\/01\/10775-ESP.mp4[\/videopack]<\/p>\n<p><em>Osama Hamdan, miembro del bur\u00f3 pol\u00edtico de Ham\u00e1s, fue entrevistado el 25 de diciembre de 2023 en la red TRT (Turqu\u00eda).<\/em><\/p>\n<p><em>Hamdan afirm\u00f3 que Ham\u00e1s logr\u00f3 con \u00e9xito los objetivos del ataque perpetrado el 7 de octubre y que el prop\u00f3sito del ataque era atraer la atenci\u00f3n internacional hacia la causa palestina. Seg\u00fan Hamdan, el ataque &#8220;mostr\u00f3 a todos el rostro claro y correcto de Israel no s\u00f3lo como ocupaci\u00f3n salvaje, sino tambi\u00e9n como ocupaci\u00f3n nazi&#8221;. <\/em><\/p>\n<p><em>En respuesta a la pregunta de si Ham\u00e1s anticip\u00f3 las consecuencias del ataque del 7 de octubre, Hamdan dijo que Israel asesina a los palestinos independientemente de si resisten, por lo que tambi\u00e9n pueden ser asesinados mientras resisten y &#8220;esto har\u00e1 que la comunidad internacional avance&#8221;. <\/em><\/p>\n<p><em>Hamdan se\u00f1al\u00f3 tambi\u00e9n que la comunidad internacional no deber\u00eda culpar a la &#8220;v\u00edctima por intentar protegerse&#8221;, sino hablar de la brutalidad de Israel. El entrevistador pregunt\u00f3 si Ham\u00e1s considera aceptable la oferta de Israel de detener los ataques contra Gaza si los rehenes tomados el 7 de octubre son liberados. Hamdan respondi\u00f3 que se trata de una &#8220;cuesti\u00f3n menor&#8221; en comparaci\u00f3n con la &#8220;cuesti\u00f3n principal&#8221; de poner fin a la ocupaci\u00f3n. <\/em><\/p>\n","protected":false},"excerpt":{"rendered":"<p>[videopack id=&#8221;3349&#8243;]<\/p>\n<p><em>Osama Hamdan, miembro del bur\u00f3 pol\u00edtico de Ham\u00e1s, fue entrevistado el 25 de diciembre de 2023 en la red TRT (Turqu\u00eda).<\/em><\/p>\n<p><em>Hamdan afirm\u00f3 que Ham\u00e1s logr\u00f3 con \u00e9xito los objetivos del ataque perpetrado el 7 de octubre y que el prop\u00f3sito del ataque era atraer la atenci\u00f3n internacional hacia la causa palestina. Seg\u00fan Hamdan, el ataque &#8220;mostr\u00f3 a todos el rostro claro y correcto de Israel no s\u00f3lo como ocupaci\u00f3n salvaje, sino tambi\u00e9n como ocupaci\u00f3n nazi&#8221;. <\/em><\/p>\n<p><em>En respuesta a la pregunta de si Ham\u00e1s anticip\u00f3 las consecuencias del ataque del 7 de octubre, Hamdan dijo que Israel asesina a los palestinos independientemente de si resisten, por lo que tambi\u00e9n pueden ser asesinados mientras resisten y &#8220;esto har\u00e1 que la comunidad internacional avance&#8221;. <\/em><\/p>\n<p><em>Hamdan se\u00f1al\u00f3 tambi\u00e9n que la comunidad internacional no deber\u00eda culpar a la &#8220;v\u00edctima por intentar protegerse&#8221;, sino hablar de la brutalidad de Israel. El entrevistador pregunt\u00f3 si Ham\u00e1s considera aceptable la oferta de Israel de detener los ataques contra Gaza si los rehenes tomados el 7 de octubre son liberados. Hamdan respondi\u00f3 que se trata de una &#8220;cuesti\u00f3n menor&#8221; en comparaci\u00f3n con la &#8220;cuesti\u00f3n principal&#8221; de poner fin a la ocupaci\u00f3n. <\/em><\/p>\n","protected":false},"author":3,"featured_media":3347,"comment_status":"open","ping_status":"open","sticky":false,"template":"","format":"video","meta":{"footnotes":""},"categories":[2,611],"tags":[],"class_list":["post-3345","post","type-post","status-publish","format-video","has-post-thumbnail","hentry","category-featured","category-hamas-2","post_format-post-format-video"],"_links":{"self":[{"href":"https:\/\/www2.memri.org\/espanol\/tv\/wp-json\/wp\/v2\/posts\/3345","targetHints":{"allow":["GET"]}}],"collection":[{"href":"https:\/\/www2.memri.org\/espanol\/tv\/wp-json\/wp\/v2\/posts"}],"about":[{"href":"https:\/\/www2.memri.org\/espanol\/tv\/wp-json\/wp\/v2\/types\/post"}],"author":[{"embeddable":true,"href":"https:\/\/www2.memri.org\/espanol\/tv\/wp-json\/wp\/v2\/users\/3"}],"replies":[{"embeddable":true,"href":"https:\/\/www2.memri.org\/espanol\/tv\/wp-json\/wp\/v2\/comments?post=3345"}],"version-history":[{"count":0,"href":"https:\/\/www2.memri.org\/espanol\/tv\/wp-json\/wp\/v2\/posts\/3345\/revisions"}],"wp:featuredmedia":[{"embeddable":true,"href":"https:\/\/www2.memri.org\/espanol\/tv\/wp-json\/wp\/v2\/media\/3347"}],"wp:attachment":[{"href":"https:\/\/www2.memri.org\/espanol\/tv\/wp-json\/wp\/v2\/media?parent=3345"}],"wp:term":[{"taxonomy":"category","embeddable":true,"href":"https:\/\/www2.memri.org\/espanol\/tv\/wp-json\/wp\/v2\/categories?post=3345"},{"taxonomy":"post_tag","embeddable":true,"href":"https:\/\/www2.memri.org\/espanol\/tv\/wp-json\/wp\/v2\/tags?post=3345"}],"curies":[{"name":"wp","href":"https:\/\/api.w.org\/{rel}","templated":true}]}}