{"id":3340,"date":"2024-01-04T08:01:37","date_gmt":"2024-01-04T06:01:37","guid":{"rendered":"https:\/\/www2.memri.org\/espanol\/tv\/?p=3340"},"modified":"2024-01-04T08:01:37","modified_gmt":"2024-01-04T06:01:37","slug":"erudito-britanico-afiliado-a-la-hermandad-musulmana-anas-altikriti-la-enemistad-de-iran-hacia-israel-es-genuina-pero-su-uso-de-los-grupos-de-resistencia-arabes-ha-sido-repugnante","status":"publish","type":"post","link":"https:\/\/www2.memri.org\/espanol\/tv\/2024\/01\/04\/erudito-britanico-afiliado-a-la-hermandad-musulmana-anas-altikriti-la-enemistad-de-iran-hacia-israel-es-genuina-pero-su-uso-de-los-grupos-de-resistencia-arabes-ha-sido-repugnante\/","title":{"rendered":"Erudito brit\u00e1nico afiliado a la Hermandad Musulmana Anas Altikriti: La enemistad de Ir\u00e1n hacia Israel es genuina, pero su uso de los grupos de resistencia \u00e1rabes ha sido &#8220;repugnante&#8221;"},"content":{"rendered":"<p>[videopack id=&#8221;3344&#8243;]https:\/\/www2.memri.org\/espanol\/tv\/wp-content\/uploads\/2024\/01\/10774-ESP.mp4[\/videopack]<\/p>\n<p><em>El intelectual islamista brit\u00e1nico Anas Altikriti, director ejecutivo y fundador de la Fundaci\u00f3n C\u00f3rdoba, critic\u00f3 severamente a Ir\u00e1n en un programa transmitido el 28 de diciembre de 2023 en el canal de televisi\u00f3n del Reino Unido Hiwar.<\/em><\/p>\n<p><em>En este sentido, Altikriti sostuvo que Ir\u00e1n es un &#8220;gran problema&#8221;. Tambi\u00e9n dijo que algunas personas consideran que la operaci\u00f3n de Ir\u00e1n en Irak, Siria, Yemen y el L\u00edbano es una r\u00e9plica de lo que Israel est\u00e1 haciendo en Palestina.<\/em><\/p>\n<p><em>\u00a0Altikriti agreg\u00f3 que cree que la enemistad de Ir\u00e1n hacia Israel es genuina, pero la forma en que utiliza la resistencia es &#8220;repugnante&#8221;. Cabe se\u00f1alar que la Fundaci\u00f3n C\u00f3rdoba tiene v\u00ednculos con la Hermandad Musulmana. <\/em><\/p>\n","protected":false},"excerpt":{"rendered":"<p>[videopack id=&#8221;3344&#8243;]<\/p>\n<p><em>El intelectual islamista brit\u00e1nico Anas Altikriti, director ejecutivo y fundador de la Fundaci\u00f3n C\u00f3rdoba, critic\u00f3 severamente a Ir\u00e1n en un programa transmitido el 28 de diciembre de 2023 en el canal de televisi\u00f3n del Reino Unido Hiwar.<\/em><\/p>\n<p><em>En este sentido, Altikriti sostuvo que Ir\u00e1n es un &#8220;gran problema&#8221;. Tambi\u00e9n dijo que algunas personas consideran que la operaci\u00f3n de Ir\u00e1n en Irak, Siria, Yemen y el L\u00edbano es una r\u00e9plica de lo que Israel est\u00e1 haciendo en Palestina.<\/em><\/p>\n<p><em>\u00a0Altikriti agreg\u00f3 que cree que la enemistad de Ir\u00e1n hacia Israel es genuina, pero la forma en que utiliza la resistencia es &#8220;repugnante&#8221;. Cabe se\u00f1alar que la Fundaci\u00f3n C\u00f3rdoba tiene v\u00ednculos con la Hermandad Musulmana. <\/em><\/p>\n","protected":false},"author":3,"featured_media":3342,"comment_status":"open","ping_status":"open","sticky":false,"template":"","format":"video","meta":{"footnotes":""},"categories":[2,13],"tags":[],"class_list":["post-3340","post","type-post","status-publish","format-video","has-post-thumbnail","hentry","category-featured","category-gran-bretana","post_format-post-format-video"],"_links":{"self":[{"href":"https:\/\/www2.memri.org\/espanol\/tv\/wp-json\/wp\/v2\/posts\/3340","targetHints":{"allow":["GET"]}}],"collection":[{"href":"https:\/\/www2.memri.org\/espanol\/tv\/wp-json\/wp\/v2\/posts"}],"about":[{"href":"https:\/\/www2.memri.org\/espanol\/tv\/wp-json\/wp\/v2\/types\/post"}],"author":[{"embeddable":true,"href":"https:\/\/www2.memri.org\/espanol\/tv\/wp-json\/wp\/v2\/users\/3"}],"replies":[{"embeddable":true,"href":"https:\/\/www2.memri.org\/espanol\/tv\/wp-json\/wp\/v2\/comments?post=3340"}],"version-history":[{"count":0,"href":"https:\/\/www2.memri.org\/espanol\/tv\/wp-json\/wp\/v2\/posts\/3340\/revisions"}],"wp:featuredmedia":[{"embeddable":true,"href":"https:\/\/www2.memri.org\/espanol\/tv\/wp-json\/wp\/v2\/media\/3342"}],"wp:attachment":[{"href":"https:\/\/www2.memri.org\/espanol\/tv\/wp-json\/wp\/v2\/media?parent=3340"}],"wp:term":[{"taxonomy":"category","embeddable":true,"href":"https:\/\/www2.memri.org\/espanol\/tv\/wp-json\/wp\/v2\/categories?post=3340"},{"taxonomy":"post_tag","embeddable":true,"href":"https:\/\/www2.memri.org\/espanol\/tv\/wp-json\/wp\/v2\/tags?post=3340"}],"curies":[{"name":"wp","href":"https:\/\/api.w.org\/{rel}","templated":true}]}}