{"id":3319,"date":"2024-01-03T16:58:35","date_gmt":"2024-01-03T14:58:35","guid":{"rendered":"https:\/\/www2.memri.org\/espanol\/tv\/?p=3319"},"modified":"2024-01-03T17:00:26","modified_gmt":"2024-01-03T15:00:26","slug":"3319","status":"publish","type":"post","link":"https:\/\/www2.memri.org\/espanol\/tv\/2024\/01\/03\/3319\/","title":{"rendered":"El difunto emir de Qatar Hamad Bin Khalifa Al-Thani llama al presidente Obama &#8216;esclavo&#8217;, se refiere a la ex-secretaria de Estado Condoleezza Rice como &#8216;mujer negra&#8217; y dice que el imam Muhammad Ibn Abd Al-Wahhab fue su antepasado en una conversaci\u00f3n grabada con el dictador libio Mu\u00b4ammar Al-Qadhafi (material de archivo)"},"content":{"rendered":"<p>[videopack id=&#8221;3322&#8243;]https:\/\/www2.memri.org\/espanol\/tv\/wp-content\/uploads\/2024\/01\/10766.mp4[\/videopack]<\/p>\n<p><em>El 26 de junio de 2020, la red Al-Arabiya (Arabia Saudita) transmiti\u00f3 una grabaci\u00f3n de una conversaci\u00f3n entre el fallecido l\u00edder libio Mua\u2019mmar Al-Qadhafi, el fallecido emir qatar\u00ed Hamad bin Khalifa Al-Thani y el ex-primer ministro qatar\u00ed Hamad bin Jassim Al-Thani, en la que discutieron asuntos regionales.<\/em><\/p>\n<p><em>\u00a0El emir Hamad Al Thani llam\u00f3 al presidente estadounidense Obama &#8220;esclavo&#8221; y a la ex-secretaria de Estado Condoleezza Rice &#8220;mujer negra&#8221;. Tambi\u00e9n dijo que su familia forma parte de la familia Wahhab y que el imam Muhammad ibn Abd al-Wahhab fue de hecho uno de sus antepasados. <\/em><\/p>\n<p><em>Hamad bin Jassim transmiti\u00f3 a Al-Qadhafi una lista de personas que no quiere que aparezcan en Al-Jazeera TV, y agreg\u00f3 que la programaci\u00f3n de Al-Jazeera est\u00e1 determinada por la Hermandad Musulmana. <\/em><\/p>\n","protected":false},"excerpt":{"rendered":"<p>[videopack id=&#8221;3322&#8243;]<\/p>\n<p><em>El 26 de junio de 2020, la red Al-Arabiya (Arabia Saudita) transmiti\u00f3 una grabaci\u00f3n de una conversaci\u00f3n entre el fallecido l\u00edder libio Mua\u2019mmar Al-Qadhafi, el fallecido emir qatar\u00ed Hamad bin Khalifa Al-Thani y el ex-primer ministro qatar\u00ed Hamad bin Jassim Al-Thani, en la que discutieron asuntos regionales.<\/em><\/p>\n<p><em>\u00a0El emir Hamad Al Thani llam\u00f3 al presidente estadounidense Obama &#8220;esclavo&#8221; y a la ex-secretaria de Estado Condoleezza Rice &#8220;mujer negra&#8221;. Tambi\u00e9n dijo que su familia forma parte de la familia Wahhab y que el imam Muhammad ibn Abd al-Wahhab fue de hecho uno de sus antepasados. <\/em><\/p>\n<p><em>Hamad bin Jassim transmiti\u00f3 a Al-Qadhafi una lista de personas que no quiere que aparezcan en Al-Jazeera TV, y agreg\u00f3 que la programaci\u00f3n de Al-Jazeera est\u00e1 determinada por la Hermandad Musulmana. <\/em><\/p>\n","protected":false},"author":3,"featured_media":3320,"comment_status":"open","ping_status":"open","sticky":false,"template":"","format":"video","meta":{"footnotes":""},"categories":[7,2],"tags":[],"class_list":["post-3319","post","type-post","status-publish","format-video","has-post-thumbnail","hentry","category-arabia-saudita","category-featured","post_format-post-format-video"],"_links":{"self":[{"href":"https:\/\/www2.memri.org\/espanol\/tv\/wp-json\/wp\/v2\/posts\/3319","targetHints":{"allow":["GET"]}}],"collection":[{"href":"https:\/\/www2.memri.org\/espanol\/tv\/wp-json\/wp\/v2\/posts"}],"about":[{"href":"https:\/\/www2.memri.org\/espanol\/tv\/wp-json\/wp\/v2\/types\/post"}],"author":[{"embeddable":true,"href":"https:\/\/www2.memri.org\/espanol\/tv\/wp-json\/wp\/v2\/users\/3"}],"replies":[{"embeddable":true,"href":"https:\/\/www2.memri.org\/espanol\/tv\/wp-json\/wp\/v2\/comments?post=3319"}],"version-history":[{"count":0,"href":"https:\/\/www2.memri.org\/espanol\/tv\/wp-json\/wp\/v2\/posts\/3319\/revisions"}],"wp:featuredmedia":[{"embeddable":true,"href":"https:\/\/www2.memri.org\/espanol\/tv\/wp-json\/wp\/v2\/media\/3320"}],"wp:attachment":[{"href":"https:\/\/www2.memri.org\/espanol\/tv\/wp-json\/wp\/v2\/media?parent=3319"}],"wp:term":[{"taxonomy":"category","embeddable":true,"href":"https:\/\/www2.memri.org\/espanol\/tv\/wp-json\/wp\/v2\/categories?post=3319"},{"taxonomy":"post_tag","embeddable":true,"href":"https:\/\/www2.memri.org\/espanol\/tv\/wp-json\/wp\/v2\/tags?post=3319"}],"curies":[{"name":"wp","href":"https:\/\/api.w.org\/{rel}","templated":true}]}}