{"id":3104,"date":"2023-12-18T09:47:56","date_gmt":"2023-12-18T07:47:56","guid":{"rendered":"https:\/\/www2.memri.org\/espanol\/tv\/?p=3104"},"modified":"2023-12-18T09:47:56","modified_gmt":"2023-12-18T07:47:56","slug":"ex-ministro-del-gabinete-libanes-wiam-wahhab-apoyo-a-hezbollah-pero-sus-ataques-contra-israel-no-han-aliviado-la-presion-sobre-gaza-solo-incrementaron-la-presion-sobre-el-libano-esta-acti","status":"publish","type":"post","link":"https:\/\/www2.memri.org\/espanol\/tv\/2023\/12\/18\/ex-ministro-del-gabinete-libanes-wiam-wahhab-apoyo-a-hezbollah-pero-sus-ataques-contra-israel-no-han-aliviado-la-presion-sobre-gaza-solo-incrementaron-la-presion-sobre-el-libano-esta-acti\/","title":{"rendered":"Ex-ministro del gabinete liban\u00e9s Wiam Wahhab: \u201cApoyo a Hezbollah, pero sus ataques contra Israel no han aliviado la presi\u00f3n sobre Gaza, s\u00f3lo incrementaron la presi\u00f3n sobre el L\u00edbano; esta actividad deber\u00eda ser detenida\u201d"},"content":{"rendered":"<p>[videopack id=&#8221;3108&#8243;]https:\/\/www2.memri.org\/espanol\/tv\/wp-content\/uploads\/2023\/12\/10723-ESP.mp4[\/videopack]<\/p>\n<p><em>El ex-ministro liban\u00e9s de Medio Ambiente Wiam Wahhab fue entrevistado el 13 de diciembre de 2023 en el canal de televisi\u00f3n liban\u00e9s Al-Jadeed.<\/em><\/p>\n<p><em>Wahhab declar\u00f3 que Hezbollah deber\u00eda detener sus ataques contra Israel, ya que no lograron aliviar la presi\u00f3n sobre Gaza y solo incrementaron la presi\u00f3n sobre el L\u00edbano. <\/em><\/p>\n<p><em>El ex ministro se\u00f1al\u00f3 que el L\u00edbano ha sido paralizado por las actividades realizadas por Hezbollah en la frontera y agreg\u00f3 \u201cestamos cansados&#8221;. <\/em><\/p>\n","protected":false},"excerpt":{"rendered":"<p>[videopack id=&#8221;3108&#8243;]<\/p>\n<p><em>El ex-ministro liban\u00e9s de Medio Ambiente Wiam Wahhab fue entrevistado el 13 de diciembre de 2023 en el canal de televisi\u00f3n liban\u00e9s Al-Jadeed.<\/em><\/p>\n<p><em>Wahhab declar\u00f3 que Hezbollah deber\u00eda detener sus ataques contra Israel, ya que no lograron aliviar la presi\u00f3n sobre Gaza y solo incrementaron la presi\u00f3n sobre el L\u00edbano. <\/em><\/p>\n<p><em>El ex ministro se\u00f1al\u00f3 que el L\u00edbano ha sido paralizado por las actividades realizadas por Hezbollah en la frontera y agreg\u00f3 \u201cestamos cansados&#8221;. <\/em><\/p>\n","protected":false},"author":3,"featured_media":3106,"comment_status":"open","ping_status":"open","sticky":false,"template":"","format":"video","meta":{"footnotes":""},"categories":[2,18],"tags":[],"class_list":["post-3104","post","type-post","status-publish","format-video","has-post-thumbnail","hentry","category-featured","category-libano","post_format-post-format-video"],"_links":{"self":[{"href":"https:\/\/www2.memri.org\/espanol\/tv\/wp-json\/wp\/v2\/posts\/3104","targetHints":{"allow":["GET"]}}],"collection":[{"href":"https:\/\/www2.memri.org\/espanol\/tv\/wp-json\/wp\/v2\/posts"}],"about":[{"href":"https:\/\/www2.memri.org\/espanol\/tv\/wp-json\/wp\/v2\/types\/post"}],"author":[{"embeddable":true,"href":"https:\/\/www2.memri.org\/espanol\/tv\/wp-json\/wp\/v2\/users\/3"}],"replies":[{"embeddable":true,"href":"https:\/\/www2.memri.org\/espanol\/tv\/wp-json\/wp\/v2\/comments?post=3104"}],"version-history":[{"count":0,"href":"https:\/\/www2.memri.org\/espanol\/tv\/wp-json\/wp\/v2\/posts\/3104\/revisions"}],"wp:featuredmedia":[{"embeddable":true,"href":"https:\/\/www2.memri.org\/espanol\/tv\/wp-json\/wp\/v2\/media\/3106"}],"wp:attachment":[{"href":"https:\/\/www2.memri.org\/espanol\/tv\/wp-json\/wp\/v2\/media?parent=3104"}],"wp:term":[{"taxonomy":"category","embeddable":true,"href":"https:\/\/www2.memri.org\/espanol\/tv\/wp-json\/wp\/v2\/categories?post=3104"},{"taxonomy":"post_tag","embeddable":true,"href":"https:\/\/www2.memri.org\/espanol\/tv\/wp-json\/wp\/v2\/tags?post=3104"}],"curies":[{"name":"wp","href":"https:\/\/api.w.org\/{rel}","templated":true}]}}