{"id":2990,"date":"2023-12-10T10:06:37","date_gmt":"2023-12-10T08:06:37","guid":{"rendered":"https:\/\/www2.memri.org\/espanol\/tv\/?p=2990"},"modified":"2023-12-10T08:08:48","modified_gmt":"2023-12-10T06:08:48","slug":"parlamentario-de-hamas-marwan-abu-ras-pide-a-cisjordania-levantarse-contra-la-autoridad-palestina-mahmoud-abbas-es-un-traidor-pueda-ala-vengarse-de-la-criminal-y-nazi-estados-unidos","status":"publish","type":"post","link":"https:\/\/www2.memri.org\/espanol\/tv\/2023\/12\/10\/parlamentario-de-hamas-marwan-abu-ras-pide-a-cisjordania-levantarse-contra-la-autoridad-palestina-mahmoud-abbas-es-un-traidor-pueda-ala-vengarse-de-la-criminal-y-nazi-estados-unidos\/","title":{"rendered":"Parlamentario de Ham\u00e1s, Marwan Abu Ras, pide a Cisjordania levantarse contra la Autoridad Palestina: \u201cMahmoud Abbas es un traidor; pueda Al\u00e1 vengarse de la criminal y nazi Estados Unidos\u201d"},"content":{"rendered":"<p>&nbsp;<\/p>\n<p>[videopack id=&#8221;2993&#8243;]https:\/\/www2.memri.org\/espanol\/tv\/wp-content\/uploads\/2023\/12\/10699-ESP.mp4[\/videopack]<\/p>\n<p><em>El parlamentario de Ham\u00e1s y miembro de la Junta Directiva de la Uni\u00f3n Internacional de Eruditos Musulmanes Marwan Abu Ras particip\u00f3 en un programa difundido el 2 de diciembre de 2023 en el canal de televisi\u00f3n de Ham\u00e1s.<\/em><\/p>\n<p><em>Abu Ras sostuvo que la ocupaci\u00f3n israel\u00ed es peor que la de los nazis, y que de hecho tal comparaci\u00f3n es un insulto a los nazis. Tambi\u00e9n dijo que no existe un solo crimen que Estados Unidos no haya cometido contra Gaza y pidi\u00f3 a Al\u00e1 que \u201cajuste cuentas\u201d y se vengue de \u201cese criminal pa\u00eds nazi\u201d. <\/em><\/p>\n<p><em>Marwan Abu Ras afirm\u00f3 que Israel es impotente frente a los j\u00f3venes que luchan por el martirio, m\u00e1s de lo que los israel\u00edes luchan por la vida. <\/em><\/p>\n","protected":false},"excerpt":{"rendered":"<p>&nbsp;<\/p>\n<p>[videopack id=&#8221;2993&#8243;]<\/p>\n<p><em>El parlamentario de Ham\u00e1s y miembro de la Junta Directiva de la Uni\u00f3n Internacional de Eruditos Musulmanes Marwan Abu Ras particip\u00f3 en un programa difundido el 2 de diciembre de 2023 en el canal de televisi\u00f3n de Ham\u00e1s.<\/em><\/p>\n<p><em>Abu Ras sostuvo que la ocupaci\u00f3n israel\u00ed es peor que la de los nazis, y que de hecho tal comparaci\u00f3n es un insulto a los nazis. Tambi\u00e9n dijo que no existe un solo crimen que Estados Unidos no haya cometido contra Gaza y pidi\u00f3 a Al\u00e1 que \u201cajuste cuentas\u201d y se vengue de \u201cese criminal pa\u00eds nazi\u201d. <\/em><\/p>\n<p><em>Marwan Abu Ras afirm\u00f3 que Israel es impotente frente a los j\u00f3venes que luchan por el martirio, m\u00e1s de lo que los israel\u00edes luchan por la vida. <\/em><\/p>\n","protected":false},"author":3,"featured_media":2992,"comment_status":"open","ping_status":"open","sticky":false,"template":"","format":"video","meta":{"footnotes":""},"categories":[2,611],"tags":[],"class_list":["post-2990","post","type-post","status-publish","format-video","has-post-thumbnail","hentry","category-featured","category-hamas-2","post_format-post-format-video"],"_links":{"self":[{"href":"https:\/\/www2.memri.org\/espanol\/tv\/wp-json\/wp\/v2\/posts\/2990","targetHints":{"allow":["GET"]}}],"collection":[{"href":"https:\/\/www2.memri.org\/espanol\/tv\/wp-json\/wp\/v2\/posts"}],"about":[{"href":"https:\/\/www2.memri.org\/espanol\/tv\/wp-json\/wp\/v2\/types\/post"}],"author":[{"embeddable":true,"href":"https:\/\/www2.memri.org\/espanol\/tv\/wp-json\/wp\/v2\/users\/3"}],"replies":[{"embeddable":true,"href":"https:\/\/www2.memri.org\/espanol\/tv\/wp-json\/wp\/v2\/comments?post=2990"}],"version-history":[{"count":0,"href":"https:\/\/www2.memri.org\/espanol\/tv\/wp-json\/wp\/v2\/posts\/2990\/revisions"}],"wp:featuredmedia":[{"embeddable":true,"href":"https:\/\/www2.memri.org\/espanol\/tv\/wp-json\/wp\/v2\/media\/2992"}],"wp:attachment":[{"href":"https:\/\/www2.memri.org\/espanol\/tv\/wp-json\/wp\/v2\/media?parent=2990"}],"wp:term":[{"taxonomy":"category","embeddable":true,"href":"https:\/\/www2.memri.org\/espanol\/tv\/wp-json\/wp\/v2\/categories?post=2990"},{"taxonomy":"post_tag","embeddable":true,"href":"https:\/\/www2.memri.org\/espanol\/tv\/wp-json\/wp\/v2\/tags?post=2990"}],"curies":[{"name":"wp","href":"https:\/\/api.w.org\/{rel}","templated":true}]}}