{"id":2986,"date":"2023-12-10T09:15:18","date_gmt":"2023-12-10T07:15:18","guid":{"rendered":"https:\/\/www2.memri.org\/espanol\/tv\/?p=2986"},"modified":"2023-12-10T09:19:10","modified_gmt":"2023-12-10T07:19:10","slug":"hussam-aylush-director-de-cair-la-en-oklahoma-city-los-palestinos-tienen-derecho-a-defenderse-pero-israel-no-la-gente-se-reiria-de-usted-si-dijera-que-la-alemania-nazi-tenia-derecho-a-de","status":"publish","type":"post","link":"https:\/\/www2.memri.org\/espanol\/tv\/2023\/12\/10\/hussam-aylush-director-de-cair-la-en-oklahoma-city-los-palestinos-tienen-derecho-a-defenderse-pero-israel-no-la-gente-se-reiria-de-usted-si-dijera-que-la-alemania-nazi-tenia-derecho-a-de\/","title":{"rendered":"Hussam Aylush, director de CAIR LA, en Oklahoma City: \u201cLos palestinos tienen derecho a defenderse, pero Israel no. La gente se reir\u00eda de usted si dijera que la Alemania nazi ten\u00eda derecho a defenderse del levantamiento del gueto de Varsovia\u201d"},"content":{"rendered":"<p><em>[videopack id=&#8221;2988&#8243;]https:\/\/www2.memri.org\/espanol\/tv\/wp-content\/uploads\/2023\/12\/10698-ESP-1.mp4[\/videopack]<br \/>\n<\/em><\/p>\n<p><em>Hussam Aylush, director ejecutivo de CAIR LA, pronunci\u00f3 un serm\u00f3n del viernes el 1 de diciembre de 2023 en la Sociedad Isl\u00e1mica de la Gran Ciudad de Oklahoma.<\/em><\/p>\n<p><em>Aylush sostuvo que, para los palestinos, todos los d\u00edas durante los \u00faltimos 75 a\u00f1os fueron 7 de octubre. El funcionario asegur\u00f3 que, afirmar que Israel tiene derecho a defenderse es tan rid\u00edculo como afirmar que la Alemania nazi ten\u00eda derecho a defenderse de la resistencia francesa, de la resistencia polaca y de la resistencia jud\u00eda en el gueto de Varsovia.<\/em><\/p>\n<p><em>\u00a0Aylush le recomend\u00f3 a su audiencia que obtenga las noticias de la red Al-Jazeera en Qatar, tanto en ingl\u00e9s como en \u00e1rabe, y la describi\u00f3 como el medio de comunicaci\u00f3n &#8220;m\u00e1s cre\u00edble&#8221; que cubre los acontecimientos en Gaza.<\/em><\/p>\n<p><em>\u00a0Los videos del serm\u00f3n del viernes y la conferencia fueron publicados en la cuenta de YouTube de CAIR Oklahoma. <\/em><\/p>\n","protected":false},"excerpt":{"rendered":"<p><em>[videopack id=&#8221;2988&#8243;]<br \/>\n<\/em><\/p>\n<p><em>Hussam Aylush, director ejecutivo de CAIR LA, pronunci\u00f3 un serm\u00f3n del viernes el 1 de diciembre de 2023 en la Sociedad Isl\u00e1mica de la Gran Ciudad de Oklahoma.<\/em><\/p>\n<p><em>Aylush sostuvo que, para los palestinos, todos los d\u00edas durante los \u00faltimos 75 a\u00f1os fueron 7 de octubre. El funcionario asegur\u00f3 que, afirmar que Israel tiene derecho a defenderse es tan rid\u00edculo como afirmar que la Alemania nazi ten\u00eda derecho a defenderse de la resistencia francesa, de la resistencia polaca y de la resistencia jud\u00eda en el gueto de Varsovia.<\/em><\/p>\n<p><em>\u00a0Aylush le recomend\u00f3 a su audiencia que obtenga las noticias de la red Al-Jazeera en Qatar, tanto en ingl\u00e9s como en \u00e1rabe, y la describi\u00f3 como el medio de comunicaci\u00f3n &#8220;m\u00e1s cre\u00edble&#8221; que cubre los acontecimientos en Gaza.<\/em><\/p>\n<p><em>\u00a0Los videos del serm\u00f3n del viernes y la conferencia fueron publicados en la cuenta de YouTube de CAIR Oklahoma. <\/em><\/p>\n","protected":false},"author":3,"featured_media":2989,"comment_status":"open","ping_status":"open","sticky":false,"template":"","format":"video","meta":{"footnotes":""},"categories":[12],"tags":[],"class_list":["post-2986","post","type-post","status-publish","format-video","has-post-thumbnail","hentry","category-estados-unidos","post_format-post-format-video"],"_links":{"self":[{"href":"https:\/\/www2.memri.org\/espanol\/tv\/wp-json\/wp\/v2\/posts\/2986","targetHints":{"allow":["GET"]}}],"collection":[{"href":"https:\/\/www2.memri.org\/espanol\/tv\/wp-json\/wp\/v2\/posts"}],"about":[{"href":"https:\/\/www2.memri.org\/espanol\/tv\/wp-json\/wp\/v2\/types\/post"}],"author":[{"embeddable":true,"href":"https:\/\/www2.memri.org\/espanol\/tv\/wp-json\/wp\/v2\/users\/3"}],"replies":[{"embeddable":true,"href":"https:\/\/www2.memri.org\/espanol\/tv\/wp-json\/wp\/v2\/comments?post=2986"}],"version-history":[{"count":0,"href":"https:\/\/www2.memri.org\/espanol\/tv\/wp-json\/wp\/v2\/posts\/2986\/revisions"}],"wp:featuredmedia":[{"embeddable":true,"href":"https:\/\/www2.memri.org\/espanol\/tv\/wp-json\/wp\/v2\/media\/2989"}],"wp:attachment":[{"href":"https:\/\/www2.memri.org\/espanol\/tv\/wp-json\/wp\/v2\/media?parent=2986"}],"wp:term":[{"taxonomy":"category","embeddable":true,"href":"https:\/\/www2.memri.org\/espanol\/tv\/wp-json\/wp\/v2\/categories?post=2986"},{"taxonomy":"post_tag","embeddable":true,"href":"https:\/\/www2.memri.org\/espanol\/tv\/wp-json\/wp\/v2\/tags?post=2986"}],"curies":[{"name":"wp","href":"https:\/\/api.w.org\/{rel}","templated":true}]}}