{"id":2974,"date":"2023-12-10T07:51:48","date_gmt":"2023-12-10T05:51:48","guid":{"rendered":"https:\/\/www2.memri.org\/espanol\/tv\/?p=2974"},"modified":"2023-12-10T07:51:48","modified_gmt":"2023-12-10T05:51:48","slug":"funcionario-de-hamas-fathi-hammad-los-palestinos-se-estan-preparando-para-establecer-un-califato-islamico-con-jerusalen-como-su-capital-las-fuerzas-de-seguridad-de-cisjordania-deberian-alz","status":"publish","type":"post","link":"https:\/\/www2.memri.org\/espanol\/tv\/2023\/12\/10\/funcionario-de-hamas-fathi-hammad-los-palestinos-se-estan-preparando-para-establecer-un-califato-islamico-con-jerusalen-como-su-capital-las-fuerzas-de-seguridad-de-cisjordania-deberian-alz\/","title":{"rendered":"Funcionario de Ham\u00e1s, Fathi Hammad: \u201cLos palestinos se est\u00e1n preparando para establecer un califato isl\u00e1mico con Jerusal\u00e9n como su capital; Las fuerzas de seguridad de Cisjordania deber\u00edan alzarse en contra del traidor Mahmoud Abbas\u201d"},"content":{"rendered":"<p>[videopack id=&#8221;2977&#8243;]https:\/\/www2.memri.org\/espanol\/tv\/wp-content\/uploads\/2023\/12\/10696-ESP.mp4[\/videopack]<\/p>\n<p><em>Fathi Hammad, miembro del Bur\u00f3 Pol\u00edtico de Ham\u00e1s y ex-ministro del Interior, particip\u00f3 en un programa transmitido el 1 de diciembre de 2023 en el canal de televisi\u00f3n de Ham\u00e1s Al-Aqsa (Gaza).<\/em><\/p>\n<p><em>Hammad afirm\u00f3 que los palestinos se est\u00e1n preparando para establecer un califato isl\u00e1mico, con Jerusal\u00e9n como su capital. A continuaci\u00f3n, dijo que los palestinos no pueden preguntar d\u00f3nde est\u00e1n los \u00e1rabes, mientras algunos de ellos siguen recibiendo \u00f3rdenes del \u201ctraidor\u201d Mahmoud Abbas. El funcionario de Ham\u00e1s pidi\u00f3 a Abbas que renuncie a su control sobre las fuerzas de seguridad de la Autoridad Palestina y \u201cse ponga del lado de su pueblo\u201d. Hammad cuestion\u00f3 a los integrantes de las fuerzas de seguridad de la Autoridad Palestina si son \u201chombres de verdad\u201d, que se preocupan por su pueblo. <\/em><\/p>\n<p><em>Por otra parte, Fathi Hammad pidi\u00f3 ayuda a la poblaci\u00f3n de los pa\u00edses \u00e1rabes, y destac\u00f3 a Jordania, que tiene una frontera de 400 kil\u00f3metros con Israel. En este sentido dijo: \u201cDeben levantarse, como lo hicieron los palestinos\u201d. <\/em><\/p>\n","protected":false},"excerpt":{"rendered":"<p>[videopack id=&#8221;2977&#8243;]<\/p>\n<p><em>Fathi Hammad, miembro del Bur\u00f3 Pol\u00edtico de Ham\u00e1s y ex-ministro del Interior, particip\u00f3 en un programa transmitido el 1 de diciembre de 2023 en el canal de televisi\u00f3n de Ham\u00e1s Al-Aqsa (Gaza).<\/em><\/p>\n<p><em>Hammad afirm\u00f3 que los palestinos se est\u00e1n preparando para establecer un califato isl\u00e1mico, con Jerusal\u00e9n como su capital. A continuaci\u00f3n, dijo que los palestinos no pueden preguntar d\u00f3nde est\u00e1n los \u00e1rabes, mientras algunos de ellos siguen recibiendo \u00f3rdenes del \u201ctraidor\u201d Mahmoud Abbas. El funcionario de Ham\u00e1s pidi\u00f3 a Abbas que renuncie a su control sobre las fuerzas de seguridad de la Autoridad Palestina y \u201cse ponga del lado de su pueblo\u201d. Hammad cuestion\u00f3 a los integrantes de las fuerzas de seguridad de la Autoridad Palestina si son \u201chombres de verdad\u201d, que se preocupan por su pueblo. <\/em><\/p>\n<p><em>Por otra parte, Fathi Hammad pidi\u00f3 ayuda a la poblaci\u00f3n de los pa\u00edses \u00e1rabes, y destac\u00f3 a Jordania, que tiene una frontera de 400 kil\u00f3metros con Israel. En este sentido dijo: \u201cDeben levantarse, como lo hicieron los palestinos\u201d. <\/em><\/p>\n","protected":false},"author":3,"featured_media":2976,"comment_status":"open","ping_status":"open","sticky":false,"template":"","format":"video","meta":{"footnotes":""},"categories":[2,611],"tags":[],"class_list":["post-2974","post","type-post","status-publish","format-video","has-post-thumbnail","hentry","category-featured","category-hamas-2","post_format-post-format-video"],"_links":{"self":[{"href":"https:\/\/www2.memri.org\/espanol\/tv\/wp-json\/wp\/v2\/posts\/2974","targetHints":{"allow":["GET"]}}],"collection":[{"href":"https:\/\/www2.memri.org\/espanol\/tv\/wp-json\/wp\/v2\/posts"}],"about":[{"href":"https:\/\/www2.memri.org\/espanol\/tv\/wp-json\/wp\/v2\/types\/post"}],"author":[{"embeddable":true,"href":"https:\/\/www2.memri.org\/espanol\/tv\/wp-json\/wp\/v2\/users\/3"}],"replies":[{"embeddable":true,"href":"https:\/\/www2.memri.org\/espanol\/tv\/wp-json\/wp\/v2\/comments?post=2974"}],"version-history":[{"count":0,"href":"https:\/\/www2.memri.org\/espanol\/tv\/wp-json\/wp\/v2\/posts\/2974\/revisions"}],"wp:featuredmedia":[{"embeddable":true,"href":"https:\/\/www2.memri.org\/espanol\/tv\/wp-json\/wp\/v2\/media\/2976"}],"wp:attachment":[{"href":"https:\/\/www2.memri.org\/espanol\/tv\/wp-json\/wp\/v2\/media?parent=2974"}],"wp:term":[{"taxonomy":"category","embeddable":true,"href":"https:\/\/www2.memri.org\/espanol\/tv\/wp-json\/wp\/v2\/categories?post=2974"},{"taxonomy":"post_tag","embeddable":true,"href":"https:\/\/www2.memri.org\/espanol\/tv\/wp-json\/wp\/v2\/tags?post=2974"}],"curies":[{"name":"wp","href":"https:\/\/api.w.org\/{rel}","templated":true}]}}