{"id":2970,"date":"2023-12-06T10:27:20","date_gmt":"2023-12-06T08:27:20","guid":{"rendered":"https:\/\/www2.memri.org\/espanol\/tv\/?p=2970"},"modified":"2023-12-05T16:13:12","modified_gmt":"2023-12-05T14:13:12","slug":"sermon-del-viernes-en-arak-iran-pronunciado-por-el-representante-de-khamenei-gholamali-dorri-najafabadi-la-profundidad-estrategica-de-iran-se-encuentra-en-gaza-el-libano-yemen-siria-i","status":"publish","type":"post","link":"https:\/\/www2.memri.org\/espanol\/tv\/2023\/12\/06\/sermon-del-viernes-en-arak-iran-pronunciado-por-el-representante-de-khamenei-gholamali-dorri-najafabadi-la-profundidad-estrategica-de-iran-se-encuentra-en-gaza-el-libano-yemen-siria-i\/","title":{"rendered":"Serm\u00f3n del viernes en Arak, Ir\u00e1n, pronunciado por el representante de Khamenei, Gholamali Dorri-Najafabadi: \u201cLa profundidad estrat\u00e9gica de Ir\u00e1n se encuentra en Gaza, el L\u00edbano, Yemen, Siria, Irak, Afganist\u00e1n, el Oc\u00e9ano \u00cdndico, el Mar de Om\u00e1n. Dar nuestras vidas por Gaza y el L\u00edbano significa dar nuestras vidas por Ir\u00e1n\u201d"},"content":{"rendered":"<p>[videopack id=&#8221;2973&#8243;]https:\/\/www2.memri.org\/espanol\/tv\/wp-content\/uploads\/2023\/12\/10695-ESP.mp4[\/videopack]<\/p>\n<p><em>Gholamali Dorri-Najafabadi, representante del l\u00edder supremo de Ir\u00e1n, Ali Khamenei, pronunci\u00f3 un serm\u00f3n el viernes 24 de noviembre de 2023 en Arak, Ir\u00e1n.El serm\u00f3n fue transmitido por el canal de televisi\u00f3n iran\u00ed Aftab. \u00a0<\/em><\/p>\n<p><em>En este contexto, Dorri-Najafabadi rega\u00f1\u00f3 a aquellos \u201camigos\u201d que proclaman: \u201cNo a Gaza y al L\u00edbano, dar\u00e9 mi vida por Ir\u00e1n\u201d. El funcionario dijo que dar la vida por Gaza o el L\u00edbano significa dar la vida por Ir\u00e1n.<\/em><\/p>\n<p><em>\u00a0Dorri-Najafabadi argument\u00f3 que la \u201cprofundidad estrat\u00e9gica\u201d de Ir\u00e1n se encuentra en Gaza, el L\u00edbano, Yemen, Siria, Irak, Afganist\u00e1n, el Oc\u00e9ano \u00cdndico y el Mar de Om\u00e1n. \u00a0<\/em><\/p>\n","protected":false},"excerpt":{"rendered":"<p>[videopack id=&#8221;2973&#8243;]<\/p>\n<p><em>Gholamali Dorri-Najafabadi, representante del l\u00edder supremo de Ir\u00e1n, Ali Khamenei, pronunci\u00f3 un serm\u00f3n el viernes 24 de noviembre de 2023 en Arak, Ir\u00e1n.El serm\u00f3n fue transmitido por el canal de televisi\u00f3n iran\u00ed Aftab. \u00a0<\/em><\/p>\n<p><em>En este contexto, Dorri-Najafabadi rega\u00f1\u00f3 a aquellos \u201camigos\u201d que proclaman: \u201cNo a Gaza y al L\u00edbano, dar\u00e9 mi vida por Ir\u00e1n\u201d. El funcionario dijo que dar la vida por Gaza o el L\u00edbano significa dar la vida por Ir\u00e1n.<\/em><\/p>\n<p><em>\u00a0Dorri-Najafabadi argument\u00f3 que la \u201cprofundidad estrat\u00e9gica\u201d de Ir\u00e1n se encuentra en Gaza, el L\u00edbano, Yemen, Siria, Irak, Afganist\u00e1n, el Oc\u00e9ano \u00cdndico y el Mar de Om\u00e1n. \u00a0<\/em><\/p>\n","protected":false},"author":3,"featured_media":2972,"comment_status":"open","ping_status":"open","sticky":false,"template":"","format":"video","meta":{"footnotes":""},"categories":[2,15],"tags":[],"class_list":["post-2970","post","type-post","status-publish","format-video","has-post-thumbnail","hentry","category-featured","category-iran","post_format-post-format-video"],"_links":{"self":[{"href":"https:\/\/www2.memri.org\/espanol\/tv\/wp-json\/wp\/v2\/posts\/2970","targetHints":{"allow":["GET"]}}],"collection":[{"href":"https:\/\/www2.memri.org\/espanol\/tv\/wp-json\/wp\/v2\/posts"}],"about":[{"href":"https:\/\/www2.memri.org\/espanol\/tv\/wp-json\/wp\/v2\/types\/post"}],"author":[{"embeddable":true,"href":"https:\/\/www2.memri.org\/espanol\/tv\/wp-json\/wp\/v2\/users\/3"}],"replies":[{"embeddable":true,"href":"https:\/\/www2.memri.org\/espanol\/tv\/wp-json\/wp\/v2\/comments?post=2970"}],"version-history":[{"count":0,"href":"https:\/\/www2.memri.org\/espanol\/tv\/wp-json\/wp\/v2\/posts\/2970\/revisions"}],"wp:featuredmedia":[{"embeddable":true,"href":"https:\/\/www2.memri.org\/espanol\/tv\/wp-json\/wp\/v2\/media\/2972"}],"wp:attachment":[{"href":"https:\/\/www2.memri.org\/espanol\/tv\/wp-json\/wp\/v2\/media?parent=2970"}],"wp:term":[{"taxonomy":"category","embeddable":true,"href":"https:\/\/www2.memri.org\/espanol\/tv\/wp-json\/wp\/v2\/categories?post=2970"},{"taxonomy":"post_tag","embeddable":true,"href":"https:\/\/www2.memri.org\/espanol\/tv\/wp-json\/wp\/v2\/tags?post=2970"}],"curies":[{"name":"wp","href":"https:\/\/api.w.org\/{rel}","templated":true}]}}