{"id":2964,"date":"2023-12-06T09:46:26","date_gmt":"2023-12-06T07:46:26","guid":{"rendered":"https:\/\/www2.memri.org\/espanol\/tv\/?p=2964"},"modified":"2023-12-05T15:56:26","modified_gmt":"2023-12-05T13:56:26","slug":"erudito-islamico-chiita-libanes-yasser-auda-iran-y-los-movimientos-yihadistas-no-piensan-en-las-consecuencias-de-sus-acciones-dandole-a-israel-pretextos-para-destruirnos-lo-vimos-en-2006-e","status":"publish","type":"post","link":"https:\/\/www2.memri.org\/espanol\/tv\/2023\/12\/06\/erudito-islamico-chiita-libanes-yasser-auda-iran-y-los-movimientos-yihadistas-no-piensan-en-las-consecuencias-de-sus-acciones-dandole-a-israel-pretextos-para-destruirnos-lo-vimos-en-2006-e\/","title":{"rendered":"Erudito isl\u00e1mico chiita liban\u00e9s Yasser Auda: \u201cIr\u00e1n y los movimientos yihadistas no piensan en las consecuencias de sus acciones, d\u00e1ndole a Israel pretextos para destruirnos. Lo vimos en 2006 en el L\u00edbano, y lo estamos viendo en Gaza\u201d"},"content":{"rendered":"<p>[videopack id=&#8221;2968&#8243;]https:\/\/www2.memri.org\/espanol\/tv\/wp-content\/uploads\/2023\/12\/10694-ESP.mp4[\/videopack]<\/p>\n<p><em>El erudito isl\u00e1mico chiita liban\u00e9s Yasser Auda critic\u00f3 al \u201ceje de la resistencia\u201d en una entrevista transmitida el 30 de noviembre de 2023 en Lebanon On (YouTube).<\/em><\/p>\n<p><em>Auda sostuvo que los ataques contra Israel le est\u00e1n dando a ese pa\u00eds un pretexto para destruir al L\u00edbano, tal como lo hizo en 2006. Tambi\u00e9n explic\u00f3 que se opone a la \u201cyihad ofensiva\u201d, es decir, lanzar ataques contra el enemigo en su propio territorio, como lo hace Hezbollah, porque Israel es capaz de generar destrucci\u00f3n, tal como lo est\u00e1 haciendo en Gaza. <\/em><\/p>\n<p><em>Auda dijo que los funcionarios iran\u00edes hacen declaraciones sobre el deseo de aniquilar a Israel, pero no toman ninguna medida para hacerlo, y les aconsej\u00f3 que bajen el tono de tales declaraciones porque s\u00f3lo hacen que Ir\u00e1n pierda credibilidad. <\/em><\/p>\n<p><em>El erudito liban\u00e9s manifest\u00f3 que est\u00e1 bien tener el objetivo de aniquilar a Israel, pero los movimientos yihadistas isl\u00e1micos deben pensar en las consecuencias de sus acciones y planificar futuros ataques que no le den pretextos a Israel para traer calamidades a su pueblo. <\/em><\/p>\n","protected":false},"excerpt":{"rendered":"<p>[videopack id=&#8221;2968&#8243;]<\/p>\n<p><em>El erudito isl\u00e1mico chiita liban\u00e9s Yasser Auda critic\u00f3 al \u201ceje de la resistencia\u201d en una entrevista transmitida el 30 de noviembre de 2023 en Lebanon On (YouTube).<\/em><\/p>\n<p><em>Auda sostuvo que los ataques contra Israel le est\u00e1n dando a ese pa\u00eds un pretexto para destruir al L\u00edbano, tal como lo hizo en 2006. Tambi\u00e9n explic\u00f3 que se opone a la \u201cyihad ofensiva\u201d, es decir, lanzar ataques contra el enemigo en su propio territorio, como lo hace Hezbollah, porque Israel es capaz de generar destrucci\u00f3n, tal como lo est\u00e1 haciendo en Gaza. <\/em><\/p>\n<p><em>Auda dijo que los funcionarios iran\u00edes hacen declaraciones sobre el deseo de aniquilar a Israel, pero no toman ninguna medida para hacerlo, y les aconsej\u00f3 que bajen el tono de tales declaraciones porque s\u00f3lo hacen que Ir\u00e1n pierda credibilidad. <\/em><\/p>\n<p><em>El erudito liban\u00e9s manifest\u00f3 que est\u00e1 bien tener el objetivo de aniquilar a Israel, pero los movimientos yihadistas isl\u00e1micos deben pensar en las consecuencias de sus acciones y planificar futuros ataques que no le den pretextos a Israel para traer calamidades a su pueblo. <\/em><\/p>\n","protected":false},"author":3,"featured_media":2966,"comment_status":"open","ping_status":"open","sticky":false,"template":"","format":"video","meta":{"footnotes":""},"categories":[2,18],"tags":[],"class_list":["post-2964","post","type-post","status-publish","format-video","has-post-thumbnail","hentry","category-featured","category-libano","post_format-post-format-video"],"_links":{"self":[{"href":"https:\/\/www2.memri.org\/espanol\/tv\/wp-json\/wp\/v2\/posts\/2964","targetHints":{"allow":["GET"]}}],"collection":[{"href":"https:\/\/www2.memri.org\/espanol\/tv\/wp-json\/wp\/v2\/posts"}],"about":[{"href":"https:\/\/www2.memri.org\/espanol\/tv\/wp-json\/wp\/v2\/types\/post"}],"author":[{"embeddable":true,"href":"https:\/\/www2.memri.org\/espanol\/tv\/wp-json\/wp\/v2\/users\/3"}],"replies":[{"embeddable":true,"href":"https:\/\/www2.memri.org\/espanol\/tv\/wp-json\/wp\/v2\/comments?post=2964"}],"version-history":[{"count":0,"href":"https:\/\/www2.memri.org\/espanol\/tv\/wp-json\/wp\/v2\/posts\/2964\/revisions"}],"wp:featuredmedia":[{"embeddable":true,"href":"https:\/\/www2.memri.org\/espanol\/tv\/wp-json\/wp\/v2\/media\/2966"}],"wp:attachment":[{"href":"https:\/\/www2.memri.org\/espanol\/tv\/wp-json\/wp\/v2\/media?parent=2964"}],"wp:term":[{"taxonomy":"category","embeddable":true,"href":"https:\/\/www2.memri.org\/espanol\/tv\/wp-json\/wp\/v2\/categories?post=2964"},{"taxonomy":"post_tag","embeddable":true,"href":"https:\/\/www2.memri.org\/espanol\/tv\/wp-json\/wp\/v2\/tags?post=2964"}],"curies":[{"name":"wp","href":"https:\/\/api.w.org\/{rel}","templated":true}]}}