{"id":2954,"date":"2023-12-06T08:35:14","date_gmt":"2023-12-06T06:35:14","guid":{"rendered":"https:\/\/www2.memri.org\/espanol\/tv\/?p=2954"},"modified":"2023-12-06T08:40:47","modified_gmt":"2023-12-06T06:40:47","slug":"alto-funcionario-de-hamas-saleh-al-arouri-el-pueblo-en-gaza-nos-apoya-no-mas-acuerdos-de-intercambio-de-prisioneros-antes-de-un-alto-el-fuego-definitivo-y-total-estados-unidos-es-mas-nazi","status":"publish","type":"post","link":"https:\/\/www2.memri.org\/espanol\/tv\/2023\/12\/06\/alto-funcionario-de-hamas-saleh-al-arouri-el-pueblo-en-gaza-nos-apoya-no-mas-acuerdos-de-intercambio-de-prisioneros-antes-de-un-alto-el-fuego-definitivo-y-total-estados-unidos-es-mas-nazi\/","title":{"rendered":"Alto funcionario de Ham\u00e1s Saleh Al-Arouri: \u201cEl pueblo en Gaza nos apoya; No m\u00e1s acuerdos de intercambio de prisioneros antes de un alto el fuego definitivo y total; Estados Unidos es m\u00e1s nazi y fascista que la entidad sionista\u201c"},"content":{"rendered":"<p>[videopack id=&#8221;2957&#8243;]https:\/\/www2.memri.org\/espanol\/tv\/wp-content\/uploads\/2023\/12\/10692-ESP.mp4[\/videopack]<\/p>\n<p><em>Saleh Al-Arouri, vicepresidente del Bur\u00f3 Pol\u00edtico de Ham\u00e1s, fue entrevistado el 2 de diciembre de 2023 en la Red Al-Jazeera (Qatar). <\/em><\/p>\n<p><em>Al-Arouri declar\u00f3 que la poblaci\u00f3n de Gaza apoya totalmente la resistencia y que, si este no fuera el caso, la gente no podr\u00eda soportar los sacrificios y se escuchar\u00eda a gente enojada con Ham\u00e1s. <\/em><\/p>\n<p><em>El funcionario de Ham\u00e1s asegur\u00f3 que Estados Unidos est\u00e1 \u201cmoralmente en bancarrota\u201d respecto a su pol\u00edtica hacia Palestina y es m\u00e1s nazi y fascista que \u201cla propia entidad sionista\u201d. Respecto a la situaci\u00f3n de los rehenes en Gaza, Al-Arouri dijo que no habr\u00e1 m\u00e1s \u201cintercambios de prisioneros\u201d hasta que la guerra termine y que, en ese momento, los \u201cprisioneros sionistas\u201d ser\u00e1n liberados s\u00f3lo cuando todos los prisioneros palestinos retenidos por Israel queden libres. <\/em><\/p>\n","protected":false},"excerpt":{"rendered":"<p>[videopack id=&#8221;2957&#8243;]<\/p>\n<p><em>Saleh Al-Arouri, vicepresidente del Bur\u00f3 Pol\u00edtico de Ham\u00e1s, fue entrevistado el 2 de diciembre de 2023 en la Red Al-Jazeera (Qatar). <\/em><\/p>\n<p><em>Al-Arouri declar\u00f3 que la poblaci\u00f3n de Gaza apoya totalmente la resistencia y que, si este no fuera el caso, la gente no podr\u00eda soportar los sacrificios y se escuchar\u00eda a gente enojada con Ham\u00e1s. <\/em><\/p>\n<p><em>El funcionario de Ham\u00e1s asegur\u00f3 que Estados Unidos est\u00e1 \u201cmoralmente en bancarrota\u201d respecto a su pol\u00edtica hacia Palestina y es m\u00e1s nazi y fascista que \u201cla propia entidad sionista\u201d. Respecto a la situaci\u00f3n de los rehenes en Gaza, Al-Arouri dijo que no habr\u00e1 m\u00e1s \u201cintercambios de prisioneros\u201d hasta que la guerra termine y que, en ese momento, los \u201cprisioneros sionistas\u201d ser\u00e1n liberados s\u00f3lo cuando todos los prisioneros palestinos retenidos por Israel queden libres. <\/em><\/p>\n","protected":false},"author":3,"featured_media":2956,"comment_status":"open","ping_status":"open","sticky":false,"template":"","format":"video","meta":{"footnotes":""},"categories":[2,611],"tags":[],"class_list":["post-2954","post","type-post","status-publish","format-video","has-post-thumbnail","hentry","category-featured","category-hamas-2","post_format-post-format-video"],"_links":{"self":[{"href":"https:\/\/www2.memri.org\/espanol\/tv\/wp-json\/wp\/v2\/posts\/2954","targetHints":{"allow":["GET"]}}],"collection":[{"href":"https:\/\/www2.memri.org\/espanol\/tv\/wp-json\/wp\/v2\/posts"}],"about":[{"href":"https:\/\/www2.memri.org\/espanol\/tv\/wp-json\/wp\/v2\/types\/post"}],"author":[{"embeddable":true,"href":"https:\/\/www2.memri.org\/espanol\/tv\/wp-json\/wp\/v2\/users\/3"}],"replies":[{"embeddable":true,"href":"https:\/\/www2.memri.org\/espanol\/tv\/wp-json\/wp\/v2\/comments?post=2954"}],"version-history":[{"count":0,"href":"https:\/\/www2.memri.org\/espanol\/tv\/wp-json\/wp\/v2\/posts\/2954\/revisions"}],"wp:featuredmedia":[{"embeddable":true,"href":"https:\/\/www2.memri.org\/espanol\/tv\/wp-json\/wp\/v2\/media\/2956"}],"wp:attachment":[{"href":"https:\/\/www2.memri.org\/espanol\/tv\/wp-json\/wp\/v2\/media?parent=2954"}],"wp:term":[{"taxonomy":"category","embeddable":true,"href":"https:\/\/www2.memri.org\/espanol\/tv\/wp-json\/wp\/v2\/categories?post=2954"},{"taxonomy":"post_tag","embeddable":true,"href":"https:\/\/www2.memri.org\/espanol\/tv\/wp-json\/wp\/v2\/tags?post=2954"}],"curies":[{"name":"wp","href":"https:\/\/api.w.org\/{rel}","templated":true}]}}