{"id":2947,"date":"2023-12-04T13:52:38","date_gmt":"2023-12-04T11:52:38","guid":{"rendered":"https:\/\/www2.memri.org\/espanol\/tv\/?p=2947"},"modified":"2023-12-04T13:52:38","modified_gmt":"2023-12-04T11:52:38","slug":"protesta-de-ninos-en-campo-de-refugiados-baddawi-en-el-libano-que-todos-los-ninos-de-gaza-sean-martirizados-y-vayan-al-paraiso-liberaremos-palestina-del-rio-al-mar","status":"publish","type":"post","link":"https:\/\/www2.memri.org\/espanol\/tv\/2023\/12\/04\/protesta-de-ninos-en-campo-de-refugiados-baddawi-en-el-libano-que-todos-los-ninos-de-gaza-sean-martirizados-y-vayan-al-paraiso-liberaremos-palestina-del-rio-al-mar\/","title":{"rendered":"Protesta de ni\u00f1os en campo de refugiados Baddawi en el L\u00edbano: \u201cQue todos los ni\u00f1os de Gaza sean martirizados y vayan al para\u00edso; Liberaremos Palestina del r\u00edo al mar\u201d"},"content":{"rendered":"<p>[videopack id=&#8221;2952&#8243;]https:\/\/www2.memri.org\/espanol\/tv\/wp-content\/uploads\/2023\/12\/10691-ESP.mp4[\/videopack]<\/p>\n<p><em>El 29 de noviembre de 2023, ni\u00f1os disfrazados que simulan ser v\u00edctimas palestinas realizaron una protesta ONU en el campo de refugiados Baddawi, al norte del L\u00edbano, para conmemorar el 76 aniversario del Plan de Partici\u00f3n. <\/em><\/p>\n<p><em>\u00a0Un ni\u00f1o sentado en una silla de ruedas con la cara pintada que simulaba una herida dijo: \u201cQue Al\u00e1 tenga misericordia de los ni\u00f1os de Gaza. Inshallah, todos ser\u00e1n martirizados e ir\u00e1n al Para\u00edso\u201d. Un adulto, Osama Al-Ali, del Club Cultural \u00c1rabe-Palestino, dijo que a los ni\u00f1os se les ense\u00f1a que \u201cPalestina en su totalidad nos pertenece\u201d. <\/em><\/p>\n<p><em>Los ni\u00f1os en la protesta sosten\u00edan un falso cuerpo de un beb\u00e9 envuelto en una t\u00fanica y cargaban una bolsa de McDonald\u2019s de la que sobresal\u00eda el cuerpo de un ni\u00f1o. El video de la protesta fue publicado en el canal de televisi\u00f3n del Reino Unido y Turqu\u00eda en la red Rajeen. <\/em><\/p>\n","protected":false},"excerpt":{"rendered":"<p>[videopack id=&#8221;2952&#8243;]<\/p>\n<p><em>El 29 de noviembre de 2023, ni\u00f1os disfrazados que simulan ser v\u00edctimas palestinas realizaron una protesta ONU en el campo de refugiados Baddawi, al norte del L\u00edbano, para conmemorar el 76 aniversario del Plan de Partici\u00f3n. <\/em><\/p>\n<p><em>\u00a0Un ni\u00f1o sentado en una silla de ruedas con la cara pintada que simulaba una herida dijo: \u201cQue Al\u00e1 tenga misericordia de los ni\u00f1os de Gaza. Inshallah, todos ser\u00e1n martirizados e ir\u00e1n al Para\u00edso\u201d. Un adulto, Osama Al-Ali, del Club Cultural \u00c1rabe-Palestino, dijo que a los ni\u00f1os se les ense\u00f1a que \u201cPalestina en su totalidad nos pertenece\u201d. <\/em><\/p>\n<p><em>Los ni\u00f1os en la protesta sosten\u00edan un falso cuerpo de un beb\u00e9 envuelto en una t\u00fanica y cargaban una bolsa de McDonald\u2019s de la que sobresal\u00eda el cuerpo de un ni\u00f1o. El video de la protesta fue publicado en el canal de televisi\u00f3n del Reino Unido y Turqu\u00eda en la red Rajeen. <\/em><\/p>\n","protected":false},"author":3,"featured_media":2949,"comment_status":"open","ping_status":"open","sticky":false,"template":"","format":"video","meta":{"footnotes":""},"categories":[2,18],"tags":[],"class_list":["post-2947","post","type-post","status-publish","format-video","has-post-thumbnail","hentry","category-featured","category-libano","post_format-post-format-video"],"_links":{"self":[{"href":"https:\/\/www2.memri.org\/espanol\/tv\/wp-json\/wp\/v2\/posts\/2947","targetHints":{"allow":["GET"]}}],"collection":[{"href":"https:\/\/www2.memri.org\/espanol\/tv\/wp-json\/wp\/v2\/posts"}],"about":[{"href":"https:\/\/www2.memri.org\/espanol\/tv\/wp-json\/wp\/v2\/types\/post"}],"author":[{"embeddable":true,"href":"https:\/\/www2.memri.org\/espanol\/tv\/wp-json\/wp\/v2\/users\/3"}],"replies":[{"embeddable":true,"href":"https:\/\/www2.memri.org\/espanol\/tv\/wp-json\/wp\/v2\/comments?post=2947"}],"version-history":[{"count":0,"href":"https:\/\/www2.memri.org\/espanol\/tv\/wp-json\/wp\/v2\/posts\/2947\/revisions"}],"wp:featuredmedia":[{"embeddable":true,"href":"https:\/\/www2.memri.org\/espanol\/tv\/wp-json\/wp\/v2\/media\/2949"}],"wp:attachment":[{"href":"https:\/\/www2.memri.org\/espanol\/tv\/wp-json\/wp\/v2\/media?parent=2947"}],"wp:term":[{"taxonomy":"category","embeddable":true,"href":"https:\/\/www2.memri.org\/espanol\/tv\/wp-json\/wp\/v2\/categories?post=2947"},{"taxonomy":"post_tag","embeddable":true,"href":"https:\/\/www2.memri.org\/espanol\/tv\/wp-json\/wp\/v2\/tags?post=2947"}],"curies":[{"name":"wp","href":"https:\/\/api.w.org\/{rel}","templated":true}]}}