{"id":2869,"date":"2023-11-28T11:34:47","date_gmt":"2023-11-28T09:34:47","guid":{"rendered":"https:\/\/www2.memri.org\/espanol\/tv\/?p=2869"},"modified":"2023-11-28T11:34:47","modified_gmt":"2023-11-28T09:34:47","slug":"funcionario-de-hamas-hisham-qasem-explica-la-razon-del-secuestro-de-ciudadanos-tailandeses-en-gaza-los-detuvimos-por-su-propia-seguridad-debido-al-bombardeo-indiscriminado-israeli-a-la-zon","status":"publish","type":"post","link":"https:\/\/www2.memri.org\/espanol\/tv\/2023\/11\/28\/funcionario-de-hamas-hisham-qasem-explica-la-razon-del-secuestro-de-ciudadanos-tailandeses-en-gaza-los-detuvimos-por-su-propia-seguridad-debido-al-bombardeo-indiscriminado-israeli-a-la-zon\/","title":{"rendered":"Funcionario de Ham\u00e1s, Hisham Qasem, explica la raz\u00f3n del secuestro de ciudadanos tailandeses en Gaza: \u201cLos detuvimos por su propia seguridad debido al bombardeo indiscriminado israel\u00ed a la zona\u201d"},"content":{"rendered":"<p>[videopack id=&#8221;2872&#8243;]https:\/\/www2.memri.org\/espanol\/tv\/wp-content\/uploads\/2023\/11\/10675-ESP.mp4[\/videopack]<\/p>\n<p><em>El funcionario de Ham\u00e1s, Hisham Qasem, habl\u00f3 sobre la liberaci\u00f3n de los ciudadanos tailandeses secuestrados por Ham\u00e1s el 7 de octubre.<\/em><\/p>\n<p><em>Qasem hizo estas declaraciones en un programa transmitido el 26 de noviembre de 2023 en TRT TV (Turqu\u00eda). <\/em><\/p>\n<p><em>El funcionario de Ham\u00e1s dijo que la agrupaci\u00f3n los \u201cdetuvo\u201d para velar por su propia seguridad, debido al bombardeo israel\u00ed, que no distingu\u00eda entre las Brigadas Al-Qassam, los trabajadores extranjeros y los civiles israel\u00edes en la zona. Qasem reconoci\u00f3 el papel de Turqu\u00eda como mediador en su liberaci\u00f3n. <\/em><\/p>\n","protected":false},"excerpt":{"rendered":"<p>[videopack id=&#8221;2872&#8243;]<\/p>\n<p><em>El funcionario de Ham\u00e1s, Hisham Qasem, habl\u00f3 sobre la liberaci\u00f3n de los ciudadanos tailandeses secuestrados por Ham\u00e1s el 7 de octubre.<\/em><\/p>\n<p><em>Qasem hizo estas declaraciones en un programa transmitido el 26 de noviembre de 2023 en TRT TV (Turqu\u00eda). <\/em><\/p>\n<p><em>El funcionario de Ham\u00e1s dijo que la agrupaci\u00f3n los \u201cdetuvo\u201d para velar por su propia seguridad, debido al bombardeo israel\u00ed, que no distingu\u00eda entre las Brigadas Al-Qassam, los trabajadores extranjeros y los civiles israel\u00edes en la zona. Qasem reconoci\u00f3 el papel de Turqu\u00eda como mediador en su liberaci\u00f3n. <\/em><\/p>\n","protected":false},"author":3,"featured_media":2871,"comment_status":"open","ping_status":"open","sticky":false,"template":"","format":"video","meta":{"footnotes":""},"categories":[2,503],"tags":[],"class_list":["post-2869","post","type-post","status-publish","format-video","has-post-thumbnail","hentry","category-featured","category-turquia-paises","post_format-post-format-video"],"_links":{"self":[{"href":"https:\/\/www2.memri.org\/espanol\/tv\/wp-json\/wp\/v2\/posts\/2869","targetHints":{"allow":["GET"]}}],"collection":[{"href":"https:\/\/www2.memri.org\/espanol\/tv\/wp-json\/wp\/v2\/posts"}],"about":[{"href":"https:\/\/www2.memri.org\/espanol\/tv\/wp-json\/wp\/v2\/types\/post"}],"author":[{"embeddable":true,"href":"https:\/\/www2.memri.org\/espanol\/tv\/wp-json\/wp\/v2\/users\/3"}],"replies":[{"embeddable":true,"href":"https:\/\/www2.memri.org\/espanol\/tv\/wp-json\/wp\/v2\/comments?post=2869"}],"version-history":[{"count":0,"href":"https:\/\/www2.memri.org\/espanol\/tv\/wp-json\/wp\/v2\/posts\/2869\/revisions"}],"wp:featuredmedia":[{"embeddable":true,"href":"https:\/\/www2.memri.org\/espanol\/tv\/wp-json\/wp\/v2\/media\/2871"}],"wp:attachment":[{"href":"https:\/\/www2.memri.org\/espanol\/tv\/wp-json\/wp\/v2\/media?parent=2869"}],"wp:term":[{"taxonomy":"category","embeddable":true,"href":"https:\/\/www2.memri.org\/espanol\/tv\/wp-json\/wp\/v2\/categories?post=2869"},{"taxonomy":"post_tag","embeddable":true,"href":"https:\/\/www2.memri.org\/espanol\/tv\/wp-json\/wp\/v2\/tags?post=2869"}],"curies":[{"name":"wp","href":"https:\/\/api.w.org\/{rel}","templated":true}]}}