{"id":2578,"date":"2023-11-12T10:14:44","date_gmt":"2023-11-12T08:14:44","guid":{"rendered":"https:\/\/www2.memri.org\/espanol\/tv\/?p=2578"},"modified":"2023-11-12T10:14:44","modified_gmt":"2023-11-12T08:14:44","slug":"general-libanes-retirado-georges-saghir-la-comunidad-internacional-deberia-salvar-al-libano-de-hezbollahno-de-israel-netanyahu-nasrallah-y-khamenei-fracasaron-deberian-suicidarse","status":"publish","type":"post","link":"https:\/\/www2.memri.org\/espanol\/tv\/2023\/11\/12\/general-libanes-retirado-georges-saghir-la-comunidad-internacional-deberia-salvar-al-libano-de-hezbollahno-de-israel-netanyahu-nasrallah-y-khamenei-fracasaron-deberian-suicidarse\/","title":{"rendered":"General liban\u00e9s retirado Georges Saghir: \u201cLa comunidad internacional deber\u00eda salvar al L\u00edbano de Hezbollah,no de Israel; Netanyahu, Nasrallah y Khamenei fracasaron, deber\u00edan suicidarse\u201d"},"content":{"rendered":"<p>[videopack id=&#8221;2581&#8243;]https:\/\/www2.memri.org\/espanol\/tv\/wp-content\/uploads\/2023\/11\/10620-ESP.mp4[\/videopack]<\/p>\n<p><em>El general liban\u00e9s retirado Georges Saghir particip\u00f3 en un programa transmitido el 31 de octubre de 2023 en Spot Shot Online (L\u00edbano).<\/em><\/p>\n<p><em>Saghir declar\u00f3 que el primer ministro israel\u00ed Binyamin Netanyahu, el l\u00edder de Hezbollah Hassan Nasrallah y el l\u00edder supremo iran\u00ed Ali Khamenei no han cumplido sus respectivas promesas sobre una paz sin concesiones, abrir las puertas del infierno contra Israel, y ampliar el alcance de la guerra y por lo tanto deber\u00edan suicidarse. Seg\u00fan Saghir, deber\u00edan hacerlo, si es que tienen algo de honor, como lo hicieron An\u00edbal y Adolf Hitler. <\/em><\/p>\n<p><em>Saghir se burl\u00f3 de Nasrallah por enviar combatientes de 20 a\u00f1os a disparar contra antenas parab\u00f3licas israel\u00edes en lugar de enviar su fuerza \u00e9lite Radhwan a que conquiste la Galilea, y agreg\u00f3 que su petici\u00f3n a la comunidad internacional es que venga a salvar al pueblo liban\u00e9s no de Israel, sino de Hezbollah.<\/em><\/p>\n","protected":false},"excerpt":{"rendered":"<p>[videopack id=&#8221;2581&#8243;]<\/p>\n<p><em>El general liban\u00e9s retirado Georges Saghir particip\u00f3 en un programa transmitido el 31 de octubre de 2023 en Spot Shot Online (L\u00edbano).<\/em><\/p>\n<p><em>Saghir declar\u00f3 que el primer ministro israel\u00ed Binyamin Netanyahu, el l\u00edder de Hezbollah Hassan Nasrallah y el l\u00edder supremo iran\u00ed Ali Khamenei no han cumplido sus respectivas promesas sobre una paz sin concesiones, abrir las puertas del infierno contra Israel, y ampliar el alcance de la guerra y por lo tanto deber\u00edan suicidarse. Seg\u00fan Saghir, deber\u00edan hacerlo, si es que tienen algo de honor, como lo hicieron An\u00edbal y Adolf Hitler. <\/em><\/p>\n<p><em>Saghir se burl\u00f3 de Nasrallah por enviar combatientes de 20 a\u00f1os a disparar contra antenas parab\u00f3licas israel\u00edes en lugar de enviar su fuerza \u00e9lite Radhwan a que conquiste la Galilea, y agreg\u00f3 que su petici\u00f3n a la comunidad internacional es que venga a salvar al pueblo liban\u00e9s no de Israel, sino de Hezbollah.<\/em><\/p>\n","protected":false},"author":3,"featured_media":2580,"comment_status":"open","ping_status":"open","sticky":false,"template":"","format":"video","meta":{"footnotes":""},"categories":[2,18],"tags":[],"class_list":["post-2578","post","type-post","status-publish","format-video","has-post-thumbnail","hentry","category-featured","category-libano","post_format-post-format-video"],"_links":{"self":[{"href":"https:\/\/www2.memri.org\/espanol\/tv\/wp-json\/wp\/v2\/posts\/2578","targetHints":{"allow":["GET"]}}],"collection":[{"href":"https:\/\/www2.memri.org\/espanol\/tv\/wp-json\/wp\/v2\/posts"}],"about":[{"href":"https:\/\/www2.memri.org\/espanol\/tv\/wp-json\/wp\/v2\/types\/post"}],"author":[{"embeddable":true,"href":"https:\/\/www2.memri.org\/espanol\/tv\/wp-json\/wp\/v2\/users\/3"}],"replies":[{"embeddable":true,"href":"https:\/\/www2.memri.org\/espanol\/tv\/wp-json\/wp\/v2\/comments?post=2578"}],"version-history":[{"count":0,"href":"https:\/\/www2.memri.org\/espanol\/tv\/wp-json\/wp\/v2\/posts\/2578\/revisions"}],"wp:featuredmedia":[{"embeddable":true,"href":"https:\/\/www2.memri.org\/espanol\/tv\/wp-json\/wp\/v2\/media\/2580"}],"wp:attachment":[{"href":"https:\/\/www2.memri.org\/espanol\/tv\/wp-json\/wp\/v2\/media?parent=2578"}],"wp:term":[{"taxonomy":"category","embeddable":true,"href":"https:\/\/www2.memri.org\/espanol\/tv\/wp-json\/wp\/v2\/categories?post=2578"},{"taxonomy":"post_tag","embeddable":true,"href":"https:\/\/www2.memri.org\/espanol\/tv\/wp-json\/wp\/v2\/tags?post=2578"}],"curies":[{"name":"wp","href":"https:\/\/api.w.org\/{rel}","templated":true}]}}