{"id":2558,"date":"2023-11-09T12:16:22","date_gmt":"2023-11-09T10:16:22","guid":{"rendered":"https:\/\/www2.memri.org\/espanol\/tv\/?p=2558"},"modified":"2023-11-09T12:16:22","modified_gmt":"2023-11-09T10:16:22","slug":"experto-militar-yemeni-huti-coronel-mujib-shamsan-en-canal-de-tv-de-hezbollah-continuaremos-lanzando-misiles-y-drones-contra-objetivos-israelies-y-estadounidenses-cualquier-paso-naval-por","status":"publish","type":"post","link":"https:\/\/www2.memri.org\/espanol\/tv\/2023\/11\/09\/experto-militar-yemeni-huti-coronel-mujib-shamsan-en-canal-de-tv-de-hezbollah-continuaremos-lanzando-misiles-y-drones-contra-objetivos-israelies-y-estadounidenses-cualquier-paso-naval-por\/","title":{"rendered":"Experto militar yemen\u00ed-hut\u00ed, coronel Mujib Shamsan en canal de TV de Hezbollah: \u201cContinuaremos lanzando misiles y drones contra objetivos israel\u00edes y estadounidenses; Cualquier paso naval por el Mar Rojo y el estrecho de Bab El-Mandeb puede llevar a un ataque\u201d"},"content":{"rendered":"<p>[videopack id=&#8221;2561&#8243;]https:\/\/www2.memri.org\/espanol\/tv\/wp-content\/uploads\/2023\/11\/10614-ESP.mp4[\/videopack]<\/p>\n<p><em>El experto militar y analista yemen\u00ed coronel Mujib Shamsan particip\u00f3 en un programa transmitido el 31 de octubre de 2023 en el canal de televisi\u00f3n liban\u00e9s Al-Manar (Hezbollah).<\/em><\/p>\n<p><em>Shamsan afirm\u00f3 que los hut\u00edes continuar\u00e1n lanzando misiles y drones contra objetivos israel\u00edes y estadounidenses. Tambi\u00e9n advirti\u00f3 que, si la situaci\u00f3n empeora, cualquier paso naval de buques israel\u00edes o estadounidenses a trav\u00e9s del Mar Rojo y el Estrecho de Bab el-Mandeb podr\u00eda provocar que sean tomados como objetivos. El presentador del programa se\u00f1al\u00f3 que los hut\u00edes est\u00e1n implementando su consigna de \u201cMuerte a Estados Unidos\u201d y \u201cMuerte a Israel\u201d.<\/em><\/p>\n","protected":false},"excerpt":{"rendered":"<p>[videopack id=&#8221;2561&#8243;]<\/p>\n<p><em>El experto militar y analista yemen\u00ed coronel Mujib Shamsan particip\u00f3 en un programa transmitido el 31 de octubre de 2023 en el canal de televisi\u00f3n liban\u00e9s Al-Manar (Hezbollah).<\/em><\/p>\n<p><em>Shamsan afirm\u00f3 que los hut\u00edes continuar\u00e1n lanzando misiles y drones contra objetivos israel\u00edes y estadounidenses. Tambi\u00e9n advirti\u00f3 que, si la situaci\u00f3n empeora, cualquier paso naval de buques israel\u00edes o estadounidenses a trav\u00e9s del Mar Rojo y el Estrecho de Bab el-Mandeb podr\u00eda provocar que sean tomados como objetivos. El presentador del programa se\u00f1al\u00f3 que los hut\u00edes est\u00e1n implementando su consigna de \u201cMuerte a Estados Unidos\u201d y \u201cMuerte a Israel\u201d.<\/em><\/p>\n","protected":false},"author":3,"featured_media":2560,"comment_status":"open","ping_status":"open","sticky":false,"template":"","format":"video","meta":{"footnotes":""},"categories":[611,592],"tags":[],"class_list":["post-2558","post","type-post","status-publish","format-video","has-post-thumbnail","hentry","category-hamas-2","category-yemen","post_format-post-format-video"],"_links":{"self":[{"href":"https:\/\/www2.memri.org\/espanol\/tv\/wp-json\/wp\/v2\/posts\/2558","targetHints":{"allow":["GET"]}}],"collection":[{"href":"https:\/\/www2.memri.org\/espanol\/tv\/wp-json\/wp\/v2\/posts"}],"about":[{"href":"https:\/\/www2.memri.org\/espanol\/tv\/wp-json\/wp\/v2\/types\/post"}],"author":[{"embeddable":true,"href":"https:\/\/www2.memri.org\/espanol\/tv\/wp-json\/wp\/v2\/users\/3"}],"replies":[{"embeddable":true,"href":"https:\/\/www2.memri.org\/espanol\/tv\/wp-json\/wp\/v2\/comments?post=2558"}],"version-history":[{"count":0,"href":"https:\/\/www2.memri.org\/espanol\/tv\/wp-json\/wp\/v2\/posts\/2558\/revisions"}],"wp:featuredmedia":[{"embeddable":true,"href":"https:\/\/www2.memri.org\/espanol\/tv\/wp-json\/wp\/v2\/media\/2560"}],"wp:attachment":[{"href":"https:\/\/www2.memri.org\/espanol\/tv\/wp-json\/wp\/v2\/media?parent=2558"}],"wp:term":[{"taxonomy":"category","embeddable":true,"href":"https:\/\/www2.memri.org\/espanol\/tv\/wp-json\/wp\/v2\/categories?post=2558"},{"taxonomy":"post_tag","embeddable":true,"href":"https:\/\/www2.memri.org\/espanol\/tv\/wp-json\/wp\/v2\/tags?post=2558"}],"curies":[{"name":"wp","href":"https:\/\/api.w.org\/{rel}","templated":true}]}}