{"id":2553,"date":"2023-11-08T10:45:49","date_gmt":"2023-11-08T08:45:49","guid":{"rendered":"https:\/\/www2.memri.org\/espanol\/tv\/?p=2553"},"modified":"2023-11-08T11:03:21","modified_gmt":"2023-11-08T09:03:21","slug":"funcionario-de-hamas-moussa-abu-marzouk-pide-a-los-arabes-israelies-unirse-a-los-combates-a-pesar-de-su-temor-a-perder-la-ciudadania-la-cobardia-no-los-protegera-de-la-humillacion-no","status":"publish","type":"post","link":"https:\/\/www2.memri.org\/espanol\/tv\/2023\/11\/08\/funcionario-de-hamas-moussa-abu-marzouk-pide-a-los-arabes-israelies-unirse-a-los-combates-a-pesar-de-su-temor-a-perder-la-ciudadania-la-cobardia-no-los-protegera-de-la-humillacion-no\/","title":{"rendered":"Funcionario de Ham\u00e1s, Moussa Abu Marzouk, pide a los \u00e1rabes israel\u00edes unirse a los combates, a pesar de su temor a perder la ciudadan\u00eda: &#8220;La cobard\u00eda no los proteger\u00e1 de la humillaci\u00f3n&#8221;; \u201cNo podemos acomodar a 2,5 millones de habitantes de Gaza en nuestros t\u00faneles\u201d"},"content":{"rendered":"<p>[videopack id=&#8221;2556&#8243;]https:\/\/www2.memri.org\/espanol\/tv\/wp-content\/uploads\/2023\/11\/10613-ESP.mp4[\/videopack]<\/p>\n<p><em>Moussa Abu Marzouk, miembro del Bur\u00f3 Pol\u00edtico de Ham\u00e1s, fue entrevistado el 6 de noviembre por la cadena BBC en \u00e1rabe (Reino Unido). En este contexto, Abu Marzouk dijo que los \u00e1rabes israel\u00edes y los palestinos en Cisjordania deben unirse a la lucha en contra de la ocupaci\u00f3n. Cuando el entrevistador aleg\u00f3 que los \u00e1rabes israel\u00edes temen que se les revoque la ciudadan\u00eda, Marzouk respondi\u00f3: \u201cSu cobard\u00eda no los proteger\u00e1 de la humillaci\u00f3n que les espera\u201d. <\/em><\/p>\n<p><em>Moussa Abu Marzouk reiter\u00f3 sus recientes declaraciones, seg\u00fan las cuales los t\u00faneles en Gaza fueron construidos para proteger a los combatientes de Ham\u00e1s y no a los civiles, ya que le permiten a Ham\u00e1s luchar contra los \u201cocupantes\u201d, y que no es posible poner a todos los residentes de Gaza en los t\u00faneles. Tambi\u00e9n afirm\u00f3 que fueron las fuerzas israel\u00edes quienes asesinaron a la mayor\u00eda de los civiles israel\u00edes que murieron el 7 de octubre y no Ham\u00e1s. Marzouk se\u00f1al\u00f3 que Ham\u00e1s no tiene una lista completa de todos los rehenes israel\u00edes porque est\u00e1n retenidos por diferentes facciones y en diferentes lugares. Para m\u00e1s informaci\u00f3n v\u00e9ase el clip de <a href=\"https:\/\/www2.memri.org\/espanol\/tv\/2023\/11\/01\/funcionario-de-hamas-mousa-abu-marzouk-los-tuneles-en-gaza-fueron-construidos-para-proteger-a-los-combatientes-de-hamas-no-a-los-civiles-proteger-a-los-civiles-de-gaza-es-responsabilidad-d\/\">MEMRITV No. 10585<\/a>.<\/em><\/p>\n","protected":false},"excerpt":{"rendered":"<p>[videopack id=&#8221;2556&#8243;]<\/p>\n<p><em>Moussa Abu Marzouk, miembro del Bur\u00f3 Pol\u00edtico de Ham\u00e1s, fue entrevistado el 6 de noviembre por la cadena BBC en \u00e1rabe (Reino Unido). En este contexto, Abu Marzouk dijo que los \u00e1rabes israel\u00edes y los palestinos en Cisjordania deben unirse a la lucha en contra de la ocupaci\u00f3n. Cuando el entrevistador aleg\u00f3 que los \u00e1rabes israel\u00edes temen que se les revoque la ciudadan\u00eda, Marzouk respondi\u00f3: \u201cSu cobard\u00eda no los proteger\u00e1 de la humillaci\u00f3n que les espera\u201d. <\/em><\/p>\n<p><em>Moussa Abu Marzouk reiter\u00f3 sus recientes declaraciones, seg\u00fan las cuales los t\u00faneles en Gaza fueron construidos para proteger a los combatientes de Ham\u00e1s y no a los civiles, ya que le permiten a Ham\u00e1s luchar contra los \u201cocupantes\u201d, y que no es posible poner a todos los residentes de Gaza en los t\u00faneles. Tambi\u00e9n afirm\u00f3 que fueron las fuerzas israel\u00edes quienes asesinaron a la mayor\u00eda de los civiles israel\u00edes que murieron el 7 de octubre y no Ham\u00e1s. Marzouk se\u00f1al\u00f3 que Ham\u00e1s no tiene una lista completa de todos los rehenes israel\u00edes porque est\u00e1n retenidos por diferentes facciones y en diferentes lugares. Para m\u00e1s informaci\u00f3n v\u00e9ase el clip de <a href=\" No. 10585<\/a>.<\/em><\/p>\n","protected":false},"author":3,"featured_media":2555,"comment_status":"open","ping_status":"open","sticky":false,"template":"","format":"video","meta":{"footnotes":""},"categories":[2,611],"tags":[],"class_list":["post-2553","post","type-post","status-publish","format-video","has-post-thumbnail","hentry","category-featured","category-hamas-2","post_format-post-format-video"],"_links":{"self":[{"href":"https:\/\/www2.memri.org\/espanol\/tv\/wp-json\/wp\/v2\/posts\/2553","targetHints":{"allow":["GET"]}}],"collection":[{"href":"https:\/\/www2.memri.org\/espanol\/tv\/wp-json\/wp\/v2\/posts"}],"about":[{"href":"https:\/\/www2.memri.org\/espanol\/tv\/wp-json\/wp\/v2\/types\/post"}],"author":[{"embeddable":true,"href":"https:\/\/www2.memri.org\/espanol\/tv\/wp-json\/wp\/v2\/users\/3"}],"replies":[{"embeddable":true,"href":"https:\/\/www2.memri.org\/espanol\/tv\/wp-json\/wp\/v2\/comments?post=2553"}],"version-history":[{"count":0,"href":"https:\/\/www2.memri.org\/espanol\/tv\/wp-json\/wp\/v2\/posts\/2553\/revisions"}],"wp:featuredmedia":[{"embeddable":true,"href":"https:\/\/www2.memri.org\/espanol\/tv\/wp-json\/wp\/v2\/media\/2555"}],"wp:attachment":[{"href":"https:\/\/www2.memri.org\/espanol\/tv\/wp-json\/wp\/v2\/media?parent=2553"}],"wp:term":[{"taxonomy":"category","embeddable":true,"href":"https:\/\/www2.memri.org\/espanol\/tv\/wp-json\/wp\/v2\/categories?post=2553"},{"taxonomy":"post_tag","embeddable":true,"href":"https:\/\/www2.memri.org\/espanol\/tv\/wp-json\/wp\/v2\/tags?post=2553"}],"curies":[{"name":"wp","href":"https:\/\/api.w.org\/{rel}","templated":true}]}}