{"id":2535,"date":"2023-11-07T13:25:04","date_gmt":"2023-11-07T11:25:04","guid":{"rendered":"https:\/\/www2.memri.org\/espanol\/tv\/?p=2535"},"modified":"2023-11-07T13:25:04","modified_gmt":"2023-11-07T11:25:04","slug":"ex-parlamentario-libanes-nasser-kandil-los-nueve-rehenes-franceses-retenidos-por-hamas-deben-ser-excluidos-de-cualquier-acuerdo-de-liberacion-de-extranjeros-deben-ser-mantenidos-como-ficha","status":"publish","type":"post","link":"https:\/\/www2.memri.org\/espanol\/tv\/2023\/11\/07\/ex-parlamentario-libanes-nasser-kandil-los-nueve-rehenes-franceses-retenidos-por-hamas-deben-ser-excluidos-de-cualquier-acuerdo-de-liberacion-de-extranjeros-deben-ser-mantenidos-como-ficha\/","title":{"rendered":"Ex-parlamentario liban\u00e9s Nasser Kandil: \u201cLos nueve rehenes franceses retenidos por Ham\u00e1s deben ser excluidos de cualquier acuerdo de liberaci\u00f3n de extranjeros; deben ser mantenidos como ficha de cambio para asegurar la liberaci\u00f3n de Georges Abdallah\u201d, quien cumple cadena perpetua en Francia por asesinar a un funcionario estadounidense y a un diplom\u00e1tico israel\u00ed."},"content":{"rendered":"<p>[videopack id=&#8221;2538&#8243;]https:\/\/www2.memri.org\/espanol\/tv\/wp-content\/uploads\/2023\/11\/10609-ESP.mp4[\/videopack]<\/p>\n<p><em>El ex-parlamentario liban\u00e9s Nasser Kandil particip\u00f3 en un programa transmitido el 25 de octubre de 2023 en el canal de televisi\u00f3n liban\u00e9s NBN. <\/em><\/p>\n<p><em>En este contexto, Kandil pidi\u00f3 a las Brigadas Al-Qassam de Ham\u00e1s que no liberen a los nueve franceses que mantienen como rehenes. Kandil dijo que Ham\u00e1s s\u00f3lo deber\u00eda liberarlos a cambio de Georges Abdallah, un ciudadano liban\u00e9s que cumple condena en prisi\u00f3n en Francia por su participaci\u00f3n en los asesinatos de un funcionario estadounidense y un diplom\u00e1tico israel\u00ed en Francia en 1982.<\/em><\/p>\n","protected":false},"excerpt":{"rendered":"<p>[videopack id=&#8221;2538&#8243;]<\/p>\n<p><em>El ex-parlamentario liban\u00e9s Nasser Kandil particip\u00f3 en un programa transmitido el 25 de octubre de 2023 en el canal de televisi\u00f3n liban\u00e9s NBN. <\/em><\/p>\n<p><em>En este contexto, Kandil pidi\u00f3 a las Brigadas Al-Qassam de Ham\u00e1s que no liberen a los nueve franceses que mantienen como rehenes. Kandil dijo que Ham\u00e1s s\u00f3lo deber\u00eda liberarlos a cambio de Georges Abdallah, un ciudadano liban\u00e9s que cumple condena en prisi\u00f3n en Francia por su participaci\u00f3n en los asesinatos de un funcionario estadounidense y un diplom\u00e1tico israel\u00ed en Francia en 1982.<\/em><\/p>\n","protected":false},"author":3,"featured_media":2537,"comment_status":"open","ping_status":"open","sticky":false,"template":"","format":"video","meta":{"footnotes":""},"categories":[2,611],"tags":[],"class_list":["post-2535","post","type-post","status-publish","format-video","has-post-thumbnail","hentry","category-featured","category-hamas-2","post_format-post-format-video"],"_links":{"self":[{"href":"https:\/\/www2.memri.org\/espanol\/tv\/wp-json\/wp\/v2\/posts\/2535","targetHints":{"allow":["GET"]}}],"collection":[{"href":"https:\/\/www2.memri.org\/espanol\/tv\/wp-json\/wp\/v2\/posts"}],"about":[{"href":"https:\/\/www2.memri.org\/espanol\/tv\/wp-json\/wp\/v2\/types\/post"}],"author":[{"embeddable":true,"href":"https:\/\/www2.memri.org\/espanol\/tv\/wp-json\/wp\/v2\/users\/3"}],"replies":[{"embeddable":true,"href":"https:\/\/www2.memri.org\/espanol\/tv\/wp-json\/wp\/v2\/comments?post=2535"}],"version-history":[{"count":0,"href":"https:\/\/www2.memri.org\/espanol\/tv\/wp-json\/wp\/v2\/posts\/2535\/revisions"}],"wp:featuredmedia":[{"embeddable":true,"href":"https:\/\/www2.memri.org\/espanol\/tv\/wp-json\/wp\/v2\/media\/2537"}],"wp:attachment":[{"href":"https:\/\/www2.memri.org\/espanol\/tv\/wp-json\/wp\/v2\/media?parent=2535"}],"wp:term":[{"taxonomy":"category","embeddable":true,"href":"https:\/\/www2.memri.org\/espanol\/tv\/wp-json\/wp\/v2\/categories?post=2535"},{"taxonomy":"post_tag","embeddable":true,"href":"https:\/\/www2.memri.org\/espanol\/tv\/wp-json\/wp\/v2\/tags?post=2535"}],"curies":[{"name":"wp","href":"https:\/\/api.w.org\/{rel}","templated":true}]}}