{"id":2525,"date":"2023-11-06T10:44:18","date_gmt":"2023-11-06T08:44:18","guid":{"rendered":"https:\/\/www2.memri.org\/espanol\/tv\/?p=2525"},"modified":"2023-11-06T10:44:32","modified_gmt":"2023-11-06T08:44:32","slug":"ex-parlamentario-libanes-fares-souaid-nasrallah-hablo-como-poncio-pilatos-y-se-lavo-las-manos-de-la-guerra-en-gaza-su-principal-objetivo-es-exonerar-a-iran-de-su-participacion-en-el-ataque","status":"publish","type":"post","link":"https:\/\/www2.memri.org\/espanol\/tv\/2023\/11\/06\/ex-parlamentario-libanes-fares-souaid-nasrallah-hablo-como-poncio-pilatos-y-se-lavo-las-manos-de-la-guerra-en-gaza-su-principal-objetivo-es-exonerar-a-iran-de-su-participacion-en-el-ataque\/","title":{"rendered":"Ex parlamentario liban\u00e9s Fares Souaid: \u201cNasrallah habl\u00f3 como Poncio Pilatos y se lav\u00f3 las manos de la guerra en Gaza; su principal objetivo es exonerar a Ir\u00e1n de su participaci\u00f3n en el ataque del 7 de octubre\u201c"},"content":{"rendered":"<p>[videopack id=&#8221;2528&#8243;]https:\/\/www2.memri.org\/espanol\/tv\/wp-content\/uploads\/2023\/11\/10608-ESP.mp4[\/videopack]<\/p>\n<p><em>El ex parlamentario liban\u00e9s Fares Souaid fue entrevistado en el canal de televisi\u00f3n liban\u00e9s MTV el 3 de noviembre de 2023.<\/em><\/p>\n<p><em>En este contexto, Souaid se refiri\u00f3 al discurso pronunciado por el secretario general de Hezbollah Hassan Nasrallah ese mismo d\u00eda y lo calific\u00f3 de \u201cuna versi\u00f3n Poncio Pilatos\u201d. <\/em><\/p>\n<p><em>Fares Souaid dijo que, en el discurso, Nasrallah \u201cse lav\u00f3 las manos de lo que est\u00e1 sucediendo en Gaza y del 7 de octubre\u201d porque est\u00e1 preocupado ante todo por las fuerzas de la Marina estadounidense desplegadas en la regi\u00f3n. Souaid se\u00f1al\u00f3 que Nasrallah seguramente aclarar\u00e1 que Ir\u00e1n no desea unirse a la guerra.<br \/>\nEl ex parlamentario liban\u00e9s advirti\u00f3 que a Nasrallah no le importa el L\u00edbano y que s\u00f3lo tiene en cuenta a Ir\u00e1n y sus intereses. Souaid enfatiz\u00f3 que Nasrallah no habla en nombre de los \u00e1rabes ni de los intereses \u00e1rabes, sino m\u00e1s bien como l\u00edder de una facci\u00f3n iran\u00ed. <\/em><\/p>\n<p><em>La entrevista fue transmitida por el canal de televisi\u00f3n liban\u00e9s MTV, pero no fue publicada en ninguna de las plataformas de redes sociales del canal. Fares Souaid comparti\u00f3 la entrevista en su cuenta personal en Facebook.<\/em><\/p>\n","protected":false},"excerpt":{"rendered":"<p>[videopack id=&#8221;2528&#8243;]<\/p>\n<p><em>El ex parlamentario liban\u00e9s Fares Souaid fue entrevistado en el canal de televisi\u00f3n liban\u00e9s MTV el 3 de noviembre de 2023.<\/em><\/p>\n<p><em>En este contexto, Souaid se refiri\u00f3 al discurso pronunciado por el secretario general de Hezbollah Hassan Nasrallah ese mismo d\u00eda y lo calific\u00f3 de \u201cuna versi\u00f3n Poncio Pilatos\u201d. <\/em><\/p>\n<p><em>Fares Souaid dijo que, en el discurso, Nasrallah \u201cse lav\u00f3 las manos de lo que est\u00e1 sucediendo en Gaza y del 7 de octubre\u201d porque est\u00e1 preocupado ante todo por las fuerzas de la Marina estadounidense desplegadas en la regi\u00f3n. Souaid se\u00f1al\u00f3 que Nasrallah seguramente aclarar\u00e1 que Ir\u00e1n no desea unirse a la guerra.<br \/>\nEl ex parlamentario liban\u00e9s advirti\u00f3 que a Nasrallah no le importa el L\u00edbano y que s\u00f3lo tiene en cuenta a Ir\u00e1n y sus intereses. Souaid enfatiz\u00f3 que Nasrallah no habla en nombre de los \u00e1rabes ni de los intereses \u00e1rabes, sino m\u00e1s bien como l\u00edder de una facci\u00f3n iran\u00ed. <\/em><\/p>\n<p><em>La entrevista fue transmitida por el canal de televisi\u00f3n liban\u00e9s MTV, pero no fue publicada en ninguna de las plataformas de redes sociales del canal. Fares Souaid comparti\u00f3 la entrevista en su cuenta personal en Facebook.<\/em><\/p>\n","protected":false},"author":3,"featured_media":2527,"comment_status":"open","ping_status":"open","sticky":false,"template":"","format":"video","meta":{"footnotes":""},"categories":[2,18,5],"tags":[],"class_list":["post-2525","post","type-post","status-publish","format-video","has-post-thumbnail","hentry","category-featured","category-libano","category-paises","post_format-post-format-video"],"_links":{"self":[{"href":"https:\/\/www2.memri.org\/espanol\/tv\/wp-json\/wp\/v2\/posts\/2525","targetHints":{"allow":["GET"]}}],"collection":[{"href":"https:\/\/www2.memri.org\/espanol\/tv\/wp-json\/wp\/v2\/posts"}],"about":[{"href":"https:\/\/www2.memri.org\/espanol\/tv\/wp-json\/wp\/v2\/types\/post"}],"author":[{"embeddable":true,"href":"https:\/\/www2.memri.org\/espanol\/tv\/wp-json\/wp\/v2\/users\/3"}],"replies":[{"embeddable":true,"href":"https:\/\/www2.memri.org\/espanol\/tv\/wp-json\/wp\/v2\/comments?post=2525"}],"version-history":[{"count":0,"href":"https:\/\/www2.memri.org\/espanol\/tv\/wp-json\/wp\/v2\/posts\/2525\/revisions"}],"wp:featuredmedia":[{"embeddable":true,"href":"https:\/\/www2.memri.org\/espanol\/tv\/wp-json\/wp\/v2\/media\/2527"}],"wp:attachment":[{"href":"https:\/\/www2.memri.org\/espanol\/tv\/wp-json\/wp\/v2\/media?parent=2525"}],"wp:term":[{"taxonomy":"category","embeddable":true,"href":"https:\/\/www2.memri.org\/espanol\/tv\/wp-json\/wp\/v2\/categories?post=2525"},{"taxonomy":"post_tag","embeddable":true,"href":"https:\/\/www2.memri.org\/espanol\/tv\/wp-json\/wp\/v2\/tags?post=2525"}],"curies":[{"name":"wp","href":"https:\/\/api.w.org\/{rel}","templated":true}]}}