{"id":2445,"date":"2023-11-01T13:11:40","date_gmt":"2023-11-01T11:11:40","guid":{"rendered":"https:\/\/www2.memri.org\/espanol\/tv\/?p=2445"},"modified":"2023-11-01T13:11:40","modified_gmt":"2023-11-01T11:11:40","slug":"ministro-de-relaciones-exteriores-libanes-abdallah-bou-habib-no-podemos-permitirnos-una-disputa-verdadera-con-hezbollah-porque-conduciria-a-una-guerra-civil-prefeririamos-una-guerra-region","status":"publish","type":"post","link":"https:\/\/www2.memri.org\/espanol\/tv\/2023\/11\/01\/ministro-de-relaciones-exteriores-libanes-abdallah-bou-habib-no-podemos-permitirnos-una-disputa-verdadera-con-hezbollah-porque-conduciria-a-una-guerra-civil-prefeririamos-una-guerra-region\/","title":{"rendered":"Ministro de Relaciones Exteriores liban\u00e9s, Abdallah Bou Habib: \u201cNo podemos permitirnos una disputa verdadera con Hezbollah porque conducir\u00eda a una guerra civil; preferir\u00edamos una guerra regional a una guerra civil interminable\u201d"},"content":{"rendered":"<p>[videopack id=&#8221;2448&#8243;]https:\/\/www2.memri.org\/espanol\/tv\/wp-content\/uploads\/2023\/11\/10589.ESP-mp4.mp4[\/videopack]<\/p>\n<p><em>El ministro de Relaciones Exteriores liban\u00e9s, Abdallah Bou Habib, particip\u00f3 en un programa transmitido el 28 de octubre de 2023 en el canal de televisi\u00f3n liban\u00e9s OTV.<\/em><\/p>\n<p><em>En la ocasi\u00f3n, Bou Habib sostuvo que el L\u00edbano &#8220;no puede darse el lujo de tener una disputa verdadera&#8221; con Hezbollah, porque ello conducir\u00eda a una guerra civil. Habib dijo que preferir\u00eda una guerra regional a una guerra civil, porque una guerra civil nunca termina, mientras que una guerra regional eventualmente llega a su fin con la intervenci\u00f3n de factores y organismos internacionales.<\/em><\/p>\n","protected":false},"excerpt":{"rendered":"<p>[videopack id=&#8221;2448&#8243;]<\/p>\n<p><em>El ministro de Relaciones Exteriores liban\u00e9s, Abdallah Bou Habib, particip\u00f3 en un programa transmitido el 28 de octubre de 2023 en el canal de televisi\u00f3n liban\u00e9s OTV.<\/em><\/p>\n<p><em>En la ocasi\u00f3n, Bou Habib sostuvo que el L\u00edbano &#8220;no puede darse el lujo de tener una disputa verdadera&#8221; con Hezbollah, porque ello conducir\u00eda a una guerra civil. Habib dijo que preferir\u00eda una guerra regional a una guerra civil, porque una guerra civil nunca termina, mientras que una guerra regional eventualmente llega a su fin con la intervenci\u00f3n de factores y organismos internacionales.<\/em><\/p>\n","protected":false},"author":3,"featured_media":2447,"comment_status":"open","ping_status":"open","sticky":false,"template":"","format":"video","meta":{"footnotes":""},"categories":[2,18,5],"tags":[],"class_list":["post-2445","post","type-post","status-publish","format-video","has-post-thumbnail","hentry","category-featured","category-libano","category-paises","post_format-post-format-video"],"_links":{"self":[{"href":"https:\/\/www2.memri.org\/espanol\/tv\/wp-json\/wp\/v2\/posts\/2445","targetHints":{"allow":["GET"]}}],"collection":[{"href":"https:\/\/www2.memri.org\/espanol\/tv\/wp-json\/wp\/v2\/posts"}],"about":[{"href":"https:\/\/www2.memri.org\/espanol\/tv\/wp-json\/wp\/v2\/types\/post"}],"author":[{"embeddable":true,"href":"https:\/\/www2.memri.org\/espanol\/tv\/wp-json\/wp\/v2\/users\/3"}],"replies":[{"embeddable":true,"href":"https:\/\/www2.memri.org\/espanol\/tv\/wp-json\/wp\/v2\/comments?post=2445"}],"version-history":[{"count":0,"href":"https:\/\/www2.memri.org\/espanol\/tv\/wp-json\/wp\/v2\/posts\/2445\/revisions"}],"wp:featuredmedia":[{"embeddable":true,"href":"https:\/\/www2.memri.org\/espanol\/tv\/wp-json\/wp\/v2\/media\/2447"}],"wp:attachment":[{"href":"https:\/\/www2.memri.org\/espanol\/tv\/wp-json\/wp\/v2\/media?parent=2445"}],"wp:term":[{"taxonomy":"category","embeddable":true,"href":"https:\/\/www2.memri.org\/espanol\/tv\/wp-json\/wp\/v2\/categories?post=2445"},{"taxonomy":"post_tag","embeddable":true,"href":"https:\/\/www2.memri.org\/espanol\/tv\/wp-json\/wp\/v2\/tags?post=2445"}],"curies":[{"name":"wp","href":"https:\/\/api.w.org\/{rel}","templated":true}]}}