{"id":2436,"date":"2023-11-01T12:15:40","date_gmt":"2023-11-01T10:15:40","guid":{"rendered":"https:\/\/www2.memri.org\/espanol\/tv\/?p=2436"},"modified":"2023-11-01T12:15:40","modified_gmt":"2023-11-01T10:15:40","slug":"fundador-de-hezbollah-subhi-al-tufayli-khamenei-eres-enemigo-de-ala-un-despreciable-asesino-de-ninos-musulmanes-donde-estas-respecto-a-gaza-para-quien-son-todas-esas-a","status":"publish","type":"post","link":"https:\/\/www2.memri.org\/espanol\/tv\/2023\/11\/01\/fundador-de-hezbollah-subhi-al-tufayli-khamenei-eres-enemigo-de-ala-un-despreciable-asesino-de-ninos-musulmanes-donde-estas-respecto-a-gaza-para-quien-son-todas-esas-a\/","title":{"rendered":"Fundador de Hezbollah, Subhi Al-Tufayli: \u201c\u00a1Khamenei, eres enemigo de Al\u00e1, un despreciable asesino de ni\u00f1os musulmanes! \u00bfD\u00f3nde est\u00e1s respecto a Gaza? \u00bfPara qui\u00e9n son todas esas armas en el L\u00edbano?\u201d"},"content":{"rendered":"<p>[videopack id=&#8221;2439&#8243;]https:\/\/www2.memri.org\/espanol\/tv\/wp-content\/uploads\/2023\/11\/10587-ESP.mp4[\/videopack]<\/p>\n<p><em>El 13 de octubre de 2023 el fundador de Hezbollah, Subhi Al-Tufayli, public\u00f3 un video que public\u00f3 en su canal de YouTube. En este contexto, <\/em><em>Al-Tufayli dijo<\/em> <em>que el l\u00edder supremo iran\u00ed Ali Khamenei es un \u201csirviente, enemigo de Al\u00e1, un traidor y despreciable asesino de ni\u00f1os musulmanes\u201d. <\/em><\/p>\n<p><em>Al-Tufayli pregunt\u00f3 qu\u00e9 piensa Khamenei de Gaza y del pueblo palestino, y agreg\u00f3: &#8220;\u00bfPara qui\u00e9n han preparado todas esas armas en el L\u00edbano?&#8221;.<\/em><\/p>\n<p><em>El fundador de Hezbollah sostuvo que Khamenei es responsable ante Al\u00e1 por cada ni\u00f1o que asesin\u00f3 en Gaza, incluso m\u00e1s que los sionistas y los estadounidenses. Tambi\u00e9n dijo que Khamenei deber\u00eda estar dispuesto a pagar en Palestina el mismo precio que pag\u00f3 en Siria e Irak. <\/em><\/p>\n","protected":false},"excerpt":{"rendered":"<p>[videopack id=&#8221;2439&#8243;]<\/p>\n<p><em>El 13 de octubre de 2023 el fundador de Hezbollah, Subhi Al-Tufayli, public\u00f3 un video que public\u00f3 en su canal de YouTube. En este contexto, <\/em><em>Al-Tufayli dijo<\/em> <em>que el l\u00edder supremo iran\u00ed Ali Khamenei es un \u201csirviente, enemigo de Al\u00e1, un traidor y despreciable asesino de ni\u00f1os musulmanes\u201d. <\/em><\/p>\n<p><em>Al-Tufayli pregunt\u00f3 qu\u00e9 piensa Khamenei de Gaza y del pueblo palestino, y agreg\u00f3: &#8220;\u00bfPara qui\u00e9n han preparado todas esas armas en el L\u00edbano?&#8221;.<\/em><\/p>\n<p><em>El fundador de Hezbollah sostuvo que Khamenei es responsable ante Al\u00e1 por cada ni\u00f1o que asesin\u00f3 en Gaza, incluso m\u00e1s que los sionistas y los estadounidenses. Tambi\u00e9n dijo que Khamenei deber\u00eda estar dispuesto a pagar en Palestina el mismo precio que pag\u00f3 en Siria e Irak. <\/em><\/p>\n","protected":false},"author":3,"featured_media":2438,"comment_status":"open","ping_status":"open","sticky":false,"template":"","format":"video","meta":{"footnotes":""},"categories":[2,18,5],"tags":[],"class_list":["post-2436","post","type-post","status-publish","format-video","has-post-thumbnail","hentry","category-featured","category-libano","category-paises","post_format-post-format-video"],"_links":{"self":[{"href":"https:\/\/www2.memri.org\/espanol\/tv\/wp-json\/wp\/v2\/posts\/2436","targetHints":{"allow":["GET"]}}],"collection":[{"href":"https:\/\/www2.memri.org\/espanol\/tv\/wp-json\/wp\/v2\/posts"}],"about":[{"href":"https:\/\/www2.memri.org\/espanol\/tv\/wp-json\/wp\/v2\/types\/post"}],"author":[{"embeddable":true,"href":"https:\/\/www2.memri.org\/espanol\/tv\/wp-json\/wp\/v2\/users\/3"}],"replies":[{"embeddable":true,"href":"https:\/\/www2.memri.org\/espanol\/tv\/wp-json\/wp\/v2\/comments?post=2436"}],"version-history":[{"count":0,"href":"https:\/\/www2.memri.org\/espanol\/tv\/wp-json\/wp\/v2\/posts\/2436\/revisions"}],"wp:featuredmedia":[{"embeddable":true,"href":"https:\/\/www2.memri.org\/espanol\/tv\/wp-json\/wp\/v2\/media\/2438"}],"wp:attachment":[{"href":"https:\/\/www2.memri.org\/espanol\/tv\/wp-json\/wp\/v2\/media?parent=2436"}],"wp:term":[{"taxonomy":"category","embeddable":true,"href":"https:\/\/www2.memri.org\/espanol\/tv\/wp-json\/wp\/v2\/categories?post=2436"},{"taxonomy":"post_tag","embeddable":true,"href":"https:\/\/www2.memri.org\/espanol\/tv\/wp-json\/wp\/v2\/tags?post=2436"}],"curies":[{"name":"wp","href":"https:\/\/api.w.org\/{rel}","templated":true}]}}