{"id":243,"date":"2022-09-29T18:01:39","date_gmt":"2022-09-29T22:01:39","guid":{"rendered":"https:\/\/www2.memri.org\/espanol\/tv\/?p=243"},"modified":"2023-02-02T18:06:36","modified_gmt":"2023-02-02T22:06:36","slug":"ex-asesor-de-khamenei-mohammad-javad-larijani-mahsa-amini-murio-mientras-la-policia-imponia-la-ley-contra-la-desnudez-publica-estas-leyes-existen-en-todas-partes-estados-unios-los-sionis","status":"publish","type":"post","link":"https:\/\/www2.memri.org\/espanol\/tv\/2022\/09\/29\/ex-asesor-de-khamenei-mohammad-javad-larijani-mahsa-amini-murio-mientras-la-policia-imponia-la-ley-contra-la-desnudez-publica-estas-leyes-existen-en-todas-partes-estados-unios-los-sionis\/","title":{"rendered":"Ex asesor de Khamenei, Mohammad-Javad Larijani: \u201cMahsa Amini muri\u00f3 mientras la polic\u00eda impon\u00eda la ley contra la desnudez p\u00fablica. Estas leyes existen en todas partes. Estados Unios, los sionistas, est\u00e1n detr\u00e1s de las protestas\u201d."},"content":{"rendered":"<p>[videopack id=&#8221;244&#8243;]https:\/\/www2.memri.org\/espanol\/tv\/wp-content\/uploads\/2023\/02\/9856-subtitulado.mp4[\/videopack]<\/p>\n<p><em>Mohammad-Javad Larijani, ex asesor del l\u00edder supremo iran\u00ed Ali Khamenei, declar\u00f3 el 29 de septiembre de 2022 en una entrevista en el Canal 3 (Ir\u00e1n) que es muy probable que Rusia use armas nucleares en su guerra con Ucrania. <\/em><\/p>\n<p><em>Javad-Larijani dijo tambi\u00e9n que Ir\u00e1n est\u00e1 preocupado por la proliferaci\u00f3n de armas nucleares, y que en el futuro, Teher\u00e1n podr\u00eda tener que reconsiderar sus pol\u00edticas de defensa y pensar en la direcci\u00f3n de las armas nucleares. <\/em><\/p>\n<p><em>M\u00e1s adelante en la entrevista, Larijani asegur\u00f3 que las recientes &#8220;tensiones&#8221; en Ir\u00e1n luego de la muerte de Mahsa Amini &#8211;\u00a0 una joven iran\u00ed que muri\u00f3 luego de ser arrestada y golpeada por la &#8220;polic\u00eda de la moralidad&#8221; de Ir\u00e1n por usar su hiyab de manera inapropiada &#8211;\u00a0 son una conspiraci\u00f3n estadounidense y sionista contra Ir\u00e1n. <\/em><\/p>\n<p><em>El ex asesor afirm\u00f3 que Amini hab\u00eda muerto despu\u00e9s de colapsar &#8220;repentinamente&#8221; y defendi\u00f3 a las autoridades iran\u00edes por imponer limitaciones a la &#8220;desnudez p\u00fablica&#8221;, que dijo que existen en todos los pa\u00edses. <\/em><\/p>\n<p><em>Larijani tambi\u00e9n se desempe\u00f1a actualmente como secretario del Consejo Superior de Derechos Humanos del Poder Judicial Iran\u00ed, y anteriormente se fue viceministro de Relaciones Exteriores de Ir\u00e1n, entre otros altos cargos.<\/em><\/p>\n<p><strong>Mohammad-Javad Larijani<\/strong>:\u00a0&#8220;Hay una alta probabilidad de que [Rusia] use [armas nucleares].<\/p>\n<p>Si la OTAN cree que [Rusia] no est\u00e1 mintiendo, apagar\u00e1 las llamas de la guerra.<\/p>\n<p>Pero si la OTAN cree que esto es un enga\u00f1o, esto realmente suceder\u00e1 y, en tal caso, habr\u00e1 ramificaciones internacionales de gran alcance.<\/p>\n<p>Reportero:<\/p>\n<p>\u00bfEste aumento de la tensi\u00f3n influir\u00e1 en nuestras relaciones con Occidente?<\/p>\n<p>\u00bfSi Rusia realmente usa armas nucleares?<\/p>\n<p>&#8211; Mohammad-Javad Larijani: Nos preocupa la proliferaci\u00f3n de armas at\u00f3micas.<\/p>\n<p>En tal escenario, todos los pa\u00edses comenzar\u00e1n a contemplar otros mecanismos de disuasi\u00f3n y defensa contra las armas nucleares.<\/p>\n<p>Tambi\u00e9n tendremos que repensar nuestras pol\u00edticas de defensa.<\/p>\n<p>No digo que debamos recurrir a las armas nucleares, pero tendremos que pensarlo.<\/p>\n<p>[&#8230;]<\/p>\n<p>Con respecto a las tensiones recientes, todo es parte de la enemistad de Estados Unidos y el frente sionista occidental hacia la Rep\u00fablica Isl\u00e1mica.<\/p>\n<p>[&#8230;]<\/p>\n<p>\u201cNo me gusta recurrir a teor\u00edas de conspiraci\u00f3n para explicar fen\u00f3menos, pero a veces los hechos en s\u00ed son muy claros. Una de nuestras ciudadanas [Mahsa Amini] fue detenida por la polic\u00eda<\/p>\n<p>y estaba en un aula cuando de pronto se desplom\u00f3. La polic\u00eda estaba haciendo cumplir la restricci\u00f3n de la desnudez p\u00fablica. Puedes llamarlo &#8216;hijab&#8217;, modestia o lo que sea, pero en todos los pa\u00edses, sin excepci\u00f3n, existen l\u00edmites a la desnudez p\u00fablica.<\/p>\n<p>Hay una conspiraci\u00f3n de Estados Unidos. Es una conspiraci\u00f3n de la red sionista occidental&#8221;.<\/p>\n","protected":false},"excerpt":{"rendered":"<p>[videopack id=&#8221;244&#8243;]<\/p>\n<p><em>Mohammad-Javad Larijani, ex asesor del l\u00edder supremo iran\u00ed Ali Khamenei, declar\u00f3 el 29 de septiembre de 2022 en una entrevista en el Canal 3 (Ir\u00e1n) que es muy probable que Rusia use armas nucleares en su guerra con Ucrania. <\/em><\/p>\n<p><em>Javad-Larijani dijo tambi\u00e9n que Ir\u00e1n est\u00e1 preocupado por la proliferaci\u00f3n de armas nucleares, y que en el futuro, Teher\u00e1n podr\u00eda tener que reconsiderar sus pol\u00edticas de defensa y pensar en la direcci\u00f3n de las armas nucleares. <\/em><\/p>\n<p><em>M\u00e1s adelante en la entrevista, Larijani asegur\u00f3 que las recientes &#8220;tensiones&#8221; en Ir\u00e1n luego de la muerte de Mahsa Amini &#8211;\u00a0 una joven iran\u00ed que muri\u00f3 luego de ser arrestada y golpeada por la &#8220;polic\u00eda de la moralidad&#8221; de Ir\u00e1n por usar su hiyab de manera inapropiada &#8211;\u00a0 son una conspiraci\u00f3n estadounidense y sionista contra Ir\u00e1n. <\/em><\/p>\n<p><em>El ex asesor afirm\u00f3 que Amini hab\u00eda muerto despu\u00e9s de colapsar &#8220;repentinamente&#8221; y defendi\u00f3 a las autoridades iran\u00edes por imponer limitaciones a la &#8220;desnudez p\u00fablica&#8221;, que dijo que existen en todos los pa\u00edses. <\/em><\/p>\n<p><em>Larijani tambi\u00e9n se desempe\u00f1a actualmente como secretario del Consejo Superior de Derechos Humanos del Poder Judicial Iran\u00ed, y anteriormente se fue viceministro de Relaciones Exteriores de Ir\u00e1n, entre otros altos cargos.<\/em><\/p>\n<p><strong>Mohammad-Javad Larijani<\/strong>:\u00a0&#8220;Hay una alta probabilidad de que [Rusia] use [armas nucleares].<\/p>\n<p>Si la OTAN cree que [Rusia] no est\u00e1 mintiendo, apagar\u00e1 las llamas de la guerra.<\/p>\n<p>Pero si la OTAN cree que esto es un enga\u00f1o, esto realmente suceder\u00e1 y, en tal caso, habr\u00e1 ramificaciones internacionales de gran alcance.<\/p>\n<p>Reportero:<\/p>\n<p>\u00bfEste aumento de la tensi\u00f3n influir\u00e1 en nuestras relaciones con Occidente?<\/p>\n<p>\u00bfSi Rusia realmente usa armas nucleares?<\/p>\n<p>&#8211; Mohammad-Javad Larijani: Nos preocupa la proliferaci\u00f3n de armas at\u00f3micas.<\/p>\n<p>En tal escenario, todos los pa\u00edses comenzar\u00e1n a contemplar otros mecanismos de disuasi\u00f3n y defensa contra las armas nucleares.<\/p>\n<p>Tambi\u00e9n tendremos que repensar nuestras pol\u00edticas de defensa.<\/p>\n<p>No digo que debamos recurrir a las armas nucleares, pero tendremos que pensarlo.<\/p>\n<p>[&#8230;]<\/p>\n<p>Con respecto a las tensiones recientes, todo es parte de la enemistad de Estados Unidos y el frente sionista occidental hacia la Rep\u00fablica Isl\u00e1mica.<\/p>\n<p>[&#8230;]<\/p>\n<p>\u201cNo me gusta recurrir a teor\u00edas de conspiraci\u00f3n para explicar fen\u00f3menos, pero a veces los hechos en s\u00ed son muy claros. Una de nuestras ciudadanas [Mahsa Amini] fue detenida por la polic\u00eda<\/p>\n<p>y estaba en un aula cuando de pronto se desplom\u00f3. La polic\u00eda estaba haciendo cumplir la restricci\u00f3n de la desnudez p\u00fablica. Puedes llamarlo &#8216;hijab&#8217;, modestia o lo que sea, pero en todos los pa\u00edses, sin excepci\u00f3n, existen l\u00edmites a la desnudez p\u00fablica.<\/p>\n<p>Hay una conspiraci\u00f3n de Estados Unidos. Es una conspiraci\u00f3n de la red sionista occidental&#8221;.<\/p>\n","protected":false},"author":3,"featured_media":245,"comment_status":"open","ping_status":"open","sticky":false,"template":"","format":"video","meta":{"footnotes":""},"categories":[169,50,23,15,5,142],"tags":[],"class_list":["post-243","post","type-post","status-publish","format-video","has-post-thumbnail","hentry","category-defensa-de-la-actuacion-policial-con-mahsa-amini","category-ex-asesor-de-khamenei-mohammad-javad-larijani","category-intelectuales-o-politicos","category-iran","category-paises","category-temas","post_format-post-format-video"],"_links":{"self":[{"href":"https:\/\/www2.memri.org\/espanol\/tv\/wp-json\/wp\/v2\/posts\/243","targetHints":{"allow":["GET"]}}],"collection":[{"href":"https:\/\/www2.memri.org\/espanol\/tv\/wp-json\/wp\/v2\/posts"}],"about":[{"href":"https:\/\/www2.memri.org\/espanol\/tv\/wp-json\/wp\/v2\/types\/post"}],"author":[{"embeddable":true,"href":"https:\/\/www2.memri.org\/espanol\/tv\/wp-json\/wp\/v2\/users\/3"}],"replies":[{"embeddable":true,"href":"https:\/\/www2.memri.org\/espanol\/tv\/wp-json\/wp\/v2\/comments?post=243"}],"version-history":[{"count":0,"href":"https:\/\/www2.memri.org\/espanol\/tv\/wp-json\/wp\/v2\/posts\/243\/revisions"}],"wp:featuredmedia":[{"embeddable":true,"href":"https:\/\/www2.memri.org\/espanol\/tv\/wp-json\/wp\/v2\/media\/245"}],"wp:attachment":[{"href":"https:\/\/www2.memri.org\/espanol\/tv\/wp-json\/wp\/v2\/media?parent=243"}],"wp:term":[{"taxonomy":"category","embeddable":true,"href":"https:\/\/www2.memri.org\/espanol\/tv\/wp-json\/wp\/v2\/categories?post=243"},{"taxonomy":"post_tag","embeddable":true,"href":"https:\/\/www2.memri.org\/espanol\/tv\/wp-json\/wp\/v2\/tags?post=243"}],"curies":[{"name":"wp","href":"https:\/\/api.w.org\/{rel}","templated":true}]}}