{"id":240,"date":"2022-09-29T17:55:37","date_gmt":"2022-09-29T21:55:37","guid":{"rendered":"https:\/\/www2.memri.org\/espanol\/tv\/?p=240"},"modified":"2023-02-02T18:01:06","modified_gmt":"2023-02-02T22:01:06","slug":"al-jazeera-transmite-imagenes-de-archivo-del-recientemente-fallecido-lider-espiritual-de-la-hermandad-musulmana-yusuf-al-qaradawi-defendiendo-su-soporte-a-los-atentados-suicidas-y-elogiando-a-qatar","status":"publish","type":"post","link":"https:\/\/www2.memri.org\/espanol\/tv\/2022\/09\/29\/al-jazeera-transmite-imagenes-de-archivo-del-recientemente-fallecido-lider-espiritual-de-la-hermandad-musulmana-yusuf-al-qaradawi-defendiendo-su-soporte-a-los-atentados-suicidas-y-elogiando-a-qatar\/","title":{"rendered":"Al-Jazeera transmite im\u00e1genes de archivo del recientemente fallecido l\u00edder espiritual de la Hermandad Musulmana, Yusuf Al-Qaradawi, defendiendo su soporte a los atentados suicidas y elogiando a Qatar por apoyarlo a \u00e9l."},"content":{"rendered":"<p>[videopack id=&#8221;241&#8243;]https:\/\/www2.memri.org\/espanol\/tv\/wp-content\/uploads\/2023\/02\/9854-subtitulado-.mp4[\/videopack]<\/p>\n<p><em>El 29 de septiembre de 2022,la cadena Al-Jazeera (Qatar) transmiti\u00f3 un programa en honor al l\u00edder espiritual de la Hermandad Musulmana, jeque Yusuf Al-Qaradawi, quien hab\u00eda muerto tres d\u00edas antes. El programa present\u00f3 extractos de entrevistas en las que Al-Qaradawi elogiaba a Qatar por su papel en la difusi\u00f3n de sus ense\u00f1anzas y defendi\u00f3 sus expresiones de apoyo a las &#8220;operaciones de martirio&#8221;. <\/em><\/p>\n<p><em>En el \u00faltimo p\u00e1rrafo, Al-Qaradawi afirm\u00f3 que en &#8220;operaciones de martirio&#8221; leg\u00edtimas, las personas usan sus cuerpos para defender a su pa\u00eds de los ocupantes, y explic\u00f3 que \u00e9ste no hab\u00eda sido el caso en los ataques del 11 de septiembre, en los que los atacantes utilizaron aviones de pasajeros para &#8220;invadir&#8221; y atacar Estados Unidos.<\/em><\/p>\n<p><strong>Jeque Yusuf Al-Qaradawi<\/strong><strong>:<\/strong>\u00a0&#8221; Hace varios a\u00f1os, la televisi\u00f3n de Qatar comenz\u00f3 a transmitir mis sermones de los viernes. Y cuando la televisi\u00f3n de Qatar se convirti\u00f3 en un canal satelital, todo el mundo escuchaba mis sermones.<\/p>\n<p>Desde el lanzamiento de la televisi\u00f3n de Qatar,\u00a0 he tenido un programa semanal llamado &#8216;La gu\u00eda del Islam&#8217;.<\/p>\n<p>Quisiera felicitar a todos los televidentes en general, y a Qatar en particular, por este canal satelital [Al-Jazeera TV] que se est\u00e1 lanzando desde el amado Qatar. Este canal expresa nuestras esperanzas, nuestros valores y nuestras creencias.<\/p>\n<p>[&#8230;]<\/p>\n<p>Algunos periodistas, [Thomas] Friedman y otros, me han hablado aqu\u00ed en Qatar.<\/p>\n<p>Los estadounidenses me preguntaron si al permitir las operaciones de martirio, tambi\u00e9n estaba permitiendo lo que sucedi\u00f3 el 11 de septiembre.<\/p>\n<p>Dije: No, esto es completamente diferente. El objetivo es diferente y los medios son diferentes<\/p>\n<p>En las operaciones de martirio, la gente quiere defender a su pa\u00eds [y apuntan] a los ocupantes, pero [el 11 de septiembre], nadie defend\u00eda a su pa\u00eds.<\/p>\n<p>Simplemente invadieron otro pa\u00eds. Adem\u00e1s, los medios son diferentes.<\/p>\n<p>En una operaci\u00f3n de martirio, una persona usa su propio cuerpo para luchar contra su enemigo.<\/p>\n<p>[El 11 de septiembre], usaron cuatro aviones comerciales llenos de pasajeros que no eran<\/p>\n<p>culpables de nada, y que no ten\u00edan nada que ver con la guerra o la pol\u00edtica.<\/p>\n<p>Fueron utilizados como misiles. No hab\u00edan dado permiso para ser sacrificados. Tanto el medio como el objetivo fueron ileg\u00edtimos&#8221;.<\/p>\n","protected":false},"excerpt":{"rendered":"<p>[videopack id=&#8221;241&#8243;]<\/p>\n<p><em>El 29 de septiembre de 2022,la cadena Al-Jazeera (Qatar) transmiti\u00f3 un programa en honor al l\u00edder espiritual de la Hermandad Musulmana, jeque Yusuf Al-Qaradawi, quien hab\u00eda muerto tres d\u00edas antes. El programa present\u00f3 extractos de entrevistas en las que Al-Qaradawi elogiaba a Qatar por su papel en la difusi\u00f3n de sus ense\u00f1anzas y defendi\u00f3 sus expresiones de apoyo a las &#8220;operaciones de martirio&#8221;. <\/em><\/p>\n<p><em>En el \u00faltimo p\u00e1rrafo, Al-Qaradawi afirm\u00f3 que en &#8220;operaciones de martirio&#8221; leg\u00edtimas, las personas usan sus cuerpos para defender a su pa\u00eds de los ocupantes, y explic\u00f3 que \u00e9ste no hab\u00eda sido el caso en los ataques del 11 de septiembre, en los que los atacantes utilizaron aviones de pasajeros para &#8220;invadir&#8221; y atacar Estados Unidos.<\/em><\/p>\n<p><strong>Jeque Yusuf Al-Qaradawi<\/strong><strong>:<\/strong>\u00a0&#8221; Hace varios a\u00f1os, la televisi\u00f3n de Qatar comenz\u00f3 a transmitir mis sermones de los viernes. Y cuando la televisi\u00f3n de Qatar se convirti\u00f3 en un canal satelital, todo el mundo escuchaba mis sermones.<\/p>\n<p>Desde el lanzamiento de la televisi\u00f3n de Qatar,\u00a0 he tenido un programa semanal llamado &#8216;La gu\u00eda del Islam&#8217;.<\/p>\n<p>Quisiera felicitar a todos los televidentes en general, y a Qatar en particular, por este canal satelital [Al-Jazeera TV] que se est\u00e1 lanzando desde el amado Qatar. Este canal expresa nuestras esperanzas, nuestros valores y nuestras creencias.<\/p>\n<p>[&#8230;]<\/p>\n<p>Algunos periodistas, [Thomas] Friedman y otros, me han hablado aqu\u00ed en Qatar.<\/p>\n<p>Los estadounidenses me preguntaron si al permitir las operaciones de martirio, tambi\u00e9n estaba permitiendo lo que sucedi\u00f3 el 11 de septiembre.<\/p>\n<p>Dije: No, esto es completamente diferente. El objetivo es diferente y los medios son diferentes<\/p>\n<p>En las operaciones de martirio, la gente quiere defender a su pa\u00eds [y apuntan] a los ocupantes, pero [el 11 de septiembre], nadie defend\u00eda a su pa\u00eds.<\/p>\n<p>Simplemente invadieron otro pa\u00eds. Adem\u00e1s, los medios son diferentes.<\/p>\n<p>En una operaci\u00f3n de martirio, una persona usa su propio cuerpo para luchar contra su enemigo.<\/p>\n<p>[El 11 de septiembre], usaron cuatro aviones comerciales llenos de pasajeros que no eran<\/p>\n<p>culpables de nada, y que no ten\u00edan nada que ver con la guerra o la pol\u00edtica.<\/p>\n<p>Fueron utilizados como misiles. No hab\u00edan dado permiso para ser sacrificados. Tanto el medio como el objetivo fueron ileg\u00edtimos&#8221;.<\/p>\n","protected":false},"author":3,"featured_media":242,"comment_status":"open","ping_status":"open","sticky":false,"template":"","format":"video","meta":{"footnotes":""},"categories":[148,5,20,142],"tags":[],"class_list":["post-240","post","type-post","status-publish","format-video","has-post-thumbnail","hentry","category-al-jazeera-imagenes-de-archivo-de-yusuf-al-qaradawi","category-paises","category-qatar","category-temas","post_format-post-format-video"],"_links":{"self":[{"href":"https:\/\/www2.memri.org\/espanol\/tv\/wp-json\/wp\/v2\/posts\/240","targetHints":{"allow":["GET"]}}],"collection":[{"href":"https:\/\/www2.memri.org\/espanol\/tv\/wp-json\/wp\/v2\/posts"}],"about":[{"href":"https:\/\/www2.memri.org\/espanol\/tv\/wp-json\/wp\/v2\/types\/post"}],"author":[{"embeddable":true,"href":"https:\/\/www2.memri.org\/espanol\/tv\/wp-json\/wp\/v2\/users\/3"}],"replies":[{"embeddable":true,"href":"https:\/\/www2.memri.org\/espanol\/tv\/wp-json\/wp\/v2\/comments?post=240"}],"version-history":[{"count":0,"href":"https:\/\/www2.memri.org\/espanol\/tv\/wp-json\/wp\/v2\/posts\/240\/revisions"}],"wp:featuredmedia":[{"embeddable":true,"href":"https:\/\/www2.memri.org\/espanol\/tv\/wp-json\/wp\/v2\/media\/242"}],"wp:attachment":[{"href":"https:\/\/www2.memri.org\/espanol\/tv\/wp-json\/wp\/v2\/media?parent=240"}],"wp:term":[{"taxonomy":"category","embeddable":true,"href":"https:\/\/www2.memri.org\/espanol\/tv\/wp-json\/wp\/v2\/categories?post=240"},{"taxonomy":"post_tag","embeddable":true,"href":"https:\/\/www2.memri.org\/espanol\/tv\/wp-json\/wp\/v2\/tags?post=240"}],"curies":[{"name":"wp","href":"https:\/\/api.w.org\/{rel}","templated":true}]}}