{"id":2313,"date":"2023-10-25T14:50:14","date_gmt":"2023-10-25T11:50:14","guid":{"rendered":"https:\/\/www2.memri.org\/espanol\/tv\/?p=2313"},"modified":"2023-10-25T14:50:14","modified_gmt":"2023-10-25T11:50:14","slug":"suleyman-sezen-politico-turco-del-partido-de-erdogan-dios-tenga-misericordia-de-hitler-una-vez-que-el-mundo-sea-purificado-de-los-judios-habra-paz","status":"publish","type":"post","link":"https:\/\/www2.memri.org\/espanol\/tv\/2023\/10\/25\/suleyman-sezen-politico-turco-del-partido-de-erdogan-dios-tenga-misericordia-de-hitler-una-vez-que-el-mundo-sea-purificado-de-los-judios-habra-paz\/","title":{"rendered":"Suleyman Sezen, pol\u00edtico turco del partido de Erdo\u011fan: \u201cDios tenga misericordia de Hitler; Una vez que el mundo sea purificado de los jud\u00edos, habr\u00e1 paz\u201d"},"content":{"rendered":"<p>[videopack id=&#8221;2316&#8243;]https:\/\/www2.memri.org\/espanol\/tv\/wp-content\/uploads\/2023\/10\/10549-ESP.mp4[\/videopack]<\/p>\n<p><em>El pol\u00edtico turco Suleyman Sezen, concejal del partido AKP (Partido de la Justicia y el Desarrollo, que encabeza el presidente turco <\/em><em>Erdo\u011fan<\/em><em>) en el distrito Atakum de Samsun, difundi\u00f3 una declaraci\u00f3n en el canal BirG\u00fcn en YouTube (Turqu\u00eda) el 19 de octubre de 2023. <\/em><\/p>\n<p><em>En su mensaje, Sezen conden\u00f3 al \u201cEstado terrorista asesino de Israel\u201d. A continuaci\u00f3n, comparti\u00f3 una supuesta cita de Hitler: \u201cMe maldecir\u00e1n por cada jud\u00edo que no asesin\u00e9\u201d, y agreg\u00f3: \u201cRezo para que Dios le conceda misericordia y gracia a Hitler\u201d. Sezen continu\u00f3 diciendo que el fin de \u201cEste estado terrorista est\u00e1 cerca\u201d y que \u201cuna vez que el mundo est\u00e9 purificado de jud\u00edos, habr\u00e1 paz\u201d.<\/em><\/p>\n","protected":false},"excerpt":{"rendered":"<p>[videopack id=&#8221;2316&#8243;]<\/p>\n<p><em>El pol\u00edtico turco Suleyman Sezen, concejal del partido AKP (Partido de la Justicia y el Desarrollo, que encabeza el presidente turco <\/em><em>Erdo\u011fan<\/em><em>) en el distrito Atakum de Samsun, difundi\u00f3 una declaraci\u00f3n en el canal BirG\u00fcn en YouTube (Turqu\u00eda) el 19 de octubre de 2023. <\/em><\/p>\n<p><em>En su mensaje, Sezen conden\u00f3 al \u201cEstado terrorista asesino de Israel\u201d. A continuaci\u00f3n, comparti\u00f3 una supuesta cita de Hitler: \u201cMe maldecir\u00e1n por cada jud\u00edo que no asesin\u00e9\u201d, y agreg\u00f3: \u201cRezo para que Dios le conceda misericordia y gracia a Hitler\u201d. Sezen continu\u00f3 diciendo que el fin de \u201cEste estado terrorista est\u00e1 cerca\u201d y que \u201cuna vez que el mundo est\u00e9 purificado de jud\u00edos, habr\u00e1 paz\u201d.<\/em><\/p>\n","protected":false},"author":3,"featured_media":2315,"comment_status":"open","ping_status":"open","sticky":false,"template":"","format":"video","meta":{"footnotes":""},"categories":[2,5,404],"tags":[],"class_list":["post-2313","post","type-post","status-publish","format-video","has-post-thumbnail","hentry","category-featured","category-paises","category-turquia","post_format-post-format-video"],"_links":{"self":[{"href":"https:\/\/www2.memri.org\/espanol\/tv\/wp-json\/wp\/v2\/posts\/2313","targetHints":{"allow":["GET"]}}],"collection":[{"href":"https:\/\/www2.memri.org\/espanol\/tv\/wp-json\/wp\/v2\/posts"}],"about":[{"href":"https:\/\/www2.memri.org\/espanol\/tv\/wp-json\/wp\/v2\/types\/post"}],"author":[{"embeddable":true,"href":"https:\/\/www2.memri.org\/espanol\/tv\/wp-json\/wp\/v2\/users\/3"}],"replies":[{"embeddable":true,"href":"https:\/\/www2.memri.org\/espanol\/tv\/wp-json\/wp\/v2\/comments?post=2313"}],"version-history":[{"count":0,"href":"https:\/\/www2.memri.org\/espanol\/tv\/wp-json\/wp\/v2\/posts\/2313\/revisions"}],"wp:featuredmedia":[{"embeddable":true,"href":"https:\/\/www2.memri.org\/espanol\/tv\/wp-json\/wp\/v2\/media\/2315"}],"wp:attachment":[{"href":"https:\/\/www2.memri.org\/espanol\/tv\/wp-json\/wp\/v2\/media?parent=2313"}],"wp:term":[{"taxonomy":"category","embeddable":true,"href":"https:\/\/www2.memri.org\/espanol\/tv\/wp-json\/wp\/v2\/categories?post=2313"},{"taxonomy":"post_tag","embeddable":true,"href":"https:\/\/www2.memri.org\/espanol\/tv\/wp-json\/wp\/v2\/tags?post=2313"}],"curies":[{"name":"wp","href":"https:\/\/api.w.org\/{rel}","templated":true}]}}