{"id":231,"date":"2022-11-02T17:19:57","date_gmt":"2022-11-02T21:19:57","guid":{"rendered":"https:\/\/www2.memri.org\/espanol\/tv\/?p=231"},"modified":"2023-02-02T17:29:01","modified_gmt":"2023-02-02T21:29:01","slug":"lider-supremo-irani-ayatola-ali-khamenei-la-muerte-de-estados-unidos-sucedera-en-el-nuevo-orden-estados-unidos-no-tendra-un-papel-importante","status":"publish","type":"post","link":"https:\/\/www2.memri.org\/espanol\/tv\/2022\/11\/02\/lider-supremo-irani-ayatola-ali-khamenei-la-muerte-de-estados-unidos-sucedera-en-el-nuevo-orden-estados-unidos-no-tendra-un-papel-importante\/","title":{"rendered":"L\u00edder supremo iran\u00ed, Ayatol\u00e1 Ali Khamenei: \u201cLa muerte de Estados Unidos&#8217; suceder\u00e1; En el &#8216;Nuevo Orden&#8217;, Estados Unidos no tendr\u00e1 un papel importante\u201d."},"content":{"rendered":"<p>[videopack id=&#8221;232&#8243;]https:\/\/www2.memri.org\/espanol\/tv\/wp-content\/uploads\/2023\/02\/9909-subtitulado.mp4[\/videopack]<\/p>\n<p><em>El l\u00edder supremo iran\u00ed, el ayatol\u00e1 Ali Khamenei, dijo el 2 de noviembre de 2022 en un discurso que se transmiti\u00f3 en el Canal 1 (Ir\u00e1n) que la naci\u00f3n iran\u00ed ha derrotado a Estados Unidos. <\/em><\/p>\n<p><em>Khamenei declar\u00f3 que en el pr\u00f3ximo orden mundial, Estados Unidos no tendr\u00e1 importancia y estar\u00e1 aislado, y prometi\u00f3 a su audiencia que el lema &#8220;\u00a1Muerte a Estados Unidos!&#8221; se har\u00e1 realidad. <\/em><\/p>\n<p><em>Las alumnas en la multitud, vestidas con chadores iran\u00edes tradicionales, corearon &#8220;\u00a1Muerte a Estados Unidos!&#8221; varias veces a lo largo del discurso.<\/em><\/p>\n<p><strong>Ayatol\u00e1 Ali Khamenei:<\/strong> Como dije antes, nuestra gente le dio un pu\u00f1etazo a [EEUU] en la cara, en el pleno sentido de la palabra. Nuestra naci\u00f3n los derrot\u00f3. El pueblo iran\u00ed&#8230;<\/p>\n<p>P\u00fablico: \u00a1Dios es grande! \u00a1Khamenei es el l\u00edder! \u00a1Muerte a los que se oponen a la Regla del Jurisprudencia! \u00a1Muerte a Estados Unidos! \u00a1Muerte a Inglaterra! \u00a1Muerte a los hip\u00f3critas e infieles! \u00a1Muerte a Israel!<\/p>\n<p>[&#8230;]<\/p>\n<p>Khamenei: En el nuevo orden del que estoy hablando, Estados Unidos ya no tendr\u00e1 ning\u00fan papel importante, estar\u00e1 aislado&#8230;<\/p>\n<p>Multitud: \u00a1Muerte a Estados Unidos!<\/p>\n<p>Khamenei: S\u00ed, eso suceder\u00e1. La muerte de EEUU suceder\u00e1.<\/p>\n<p>Algunas personas dicen: &#8216;Al cantar Muerte a EEUU, ustedes traen la animosidad de EEUU contra ustedes\u00b4. Yo digo que esto no es cierto. Cuando Estados Unidos comenz\u00f3 su hostilidad hacia Ir\u00e1n [en el golpe de 1953], nadie hab\u00eda estado cantando Muerte a Am\u00e9rica\u201d.<\/p>\n","protected":false},"excerpt":{"rendered":"<p>[videopack id=&#8221;232&#8243;]<\/p>\n<p><em>El l\u00edder supremo iran\u00ed, el ayatol\u00e1 Ali Khamenei, dijo el 2 de noviembre de 2022 en un discurso que se transmiti\u00f3 en el Canal 1 (Ir\u00e1n) que la naci\u00f3n iran\u00ed ha derrotado a Estados Unidos. <\/em><\/p>\n<p><em>Khamenei declar\u00f3 que en el pr\u00f3ximo orden mundial, Estados Unidos no tendr\u00e1 importancia y estar\u00e1 aislado, y prometi\u00f3 a su audiencia que el lema &#8220;\u00a1Muerte a Estados Unidos!&#8221; se har\u00e1 realidad. <\/em><\/p>\n<p><em>Las alumnas en la multitud, vestidas con chadores iran\u00edes tradicionales, corearon &#8220;\u00a1Muerte a Estados Unidos!&#8221; varias veces a lo largo del discurso.<\/em><\/p>\n<p><strong>Ayatol\u00e1 Ali Khamenei:<\/strong> Como dije antes, nuestra gente le dio un pu\u00f1etazo a [EEUU] en la cara, en el pleno sentido de la palabra. Nuestra naci\u00f3n los derrot\u00f3. El pueblo iran\u00ed&#8230;<\/p>\n<p>P\u00fablico: \u00a1Dios es grande! \u00a1Khamenei es el l\u00edder! \u00a1Muerte a los que se oponen a la Regla del Jurisprudencia! \u00a1Muerte a Estados Unidos! \u00a1Muerte a Inglaterra! \u00a1Muerte a los hip\u00f3critas e infieles! \u00a1Muerte a Israel!<\/p>\n<p>[&#8230;]<\/p>\n<p>Khamenei: En el nuevo orden del que estoy hablando, Estados Unidos ya no tendr\u00e1 ning\u00fan papel importante, estar\u00e1 aislado&#8230;<\/p>\n<p>Multitud: \u00a1Muerte a Estados Unidos!<\/p>\n<p>Khamenei: S\u00ed, eso suceder\u00e1. La muerte de EEUU suceder\u00e1.<\/p>\n<p>Algunas personas dicen: &#8216;Al cantar Muerte a EEUU, ustedes traen la animosidad de EEUU contra ustedes\u00b4. Yo digo que esto no es cierto. Cuando Estados Unidos comenz\u00f3 su hostilidad hacia Ir\u00e1n [en el golpe de 1953], nadie hab\u00eda estado cantando Muerte a Am\u00e9rica\u201d.<\/p>\n","protected":false},"author":3,"featured_media":233,"comment_status":"open","ping_status":"open","sticky":false,"template":"","format":"video","meta":{"footnotes":""},"categories":[15,207,132,103,5,142],"tags":[],"class_list":["post-231","post","type-post","status-publish","format-video","has-post-thumbnail","hentry","category-iran","category-khamenei-predice-la-muerte-de-eeuu","category-lider-supremo-de-iran-ali-khamenei-lider-espiritual","category-lideres-espirituales","category-paises","category-temas","post_format-post-format-video"],"_links":{"self":[{"href":"https:\/\/www2.memri.org\/espanol\/tv\/wp-json\/wp\/v2\/posts\/231","targetHints":{"allow":["GET"]}}],"collection":[{"href":"https:\/\/www2.memri.org\/espanol\/tv\/wp-json\/wp\/v2\/posts"}],"about":[{"href":"https:\/\/www2.memri.org\/espanol\/tv\/wp-json\/wp\/v2\/types\/post"}],"author":[{"embeddable":true,"href":"https:\/\/www2.memri.org\/espanol\/tv\/wp-json\/wp\/v2\/users\/3"}],"replies":[{"embeddable":true,"href":"https:\/\/www2.memri.org\/espanol\/tv\/wp-json\/wp\/v2\/comments?post=231"}],"version-history":[{"count":0,"href":"https:\/\/www2.memri.org\/espanol\/tv\/wp-json\/wp\/v2\/posts\/231\/revisions"}],"wp:featuredmedia":[{"embeddable":true,"href":"https:\/\/www2.memri.org\/espanol\/tv\/wp-json\/wp\/v2\/media\/233"}],"wp:attachment":[{"href":"https:\/\/www2.memri.org\/espanol\/tv\/wp-json\/wp\/v2\/media?parent=231"}],"wp:term":[{"taxonomy":"category","embeddable":true,"href":"https:\/\/www2.memri.org\/espanol\/tv\/wp-json\/wp\/v2\/categories?post=231"},{"taxonomy":"post_tag","embeddable":true,"href":"https:\/\/www2.memri.org\/espanol\/tv\/wp-json\/wp\/v2\/tags?post=231"}],"curies":[{"name":"wp","href":"https:\/\/api.w.org\/{rel}","templated":true}]}}