{"id":2303,"date":"2023-10-23T11:07:29","date_gmt":"2023-10-23T08:07:29","guid":{"rendered":"https:\/\/www2.memri.org\/espanol\/tv\/?p=2303"},"modified":"2023-10-23T11:07:29","modified_gmt":"2023-10-23T08:07:29","slug":"investigador-libanes-radicado-en-teheran-hakam-amhaz-la-resistencia-palestina-seguiria-combatiendo-contra-israel-con-cuchillos-si-le-faltara-el-suministro-de-cohetes-misiles-balisticos-y-d","status":"publish","type":"post","link":"https:\/\/www2.memri.org\/espanol\/tv\/2023\/10\/23\/investigador-libanes-radicado-en-teheran-hakam-amhaz-la-resistencia-palestina-seguiria-combatiendo-contra-israel-con-cuchillos-si-le-faltara-el-suministro-de-cohetes-misiles-balisticos-y-d\/","title":{"rendered":"Investigador liban\u00e9s radicado en Teher\u00e1n, Hakam Amhaz: \u201cLa resistencia palestina seguir\u00eda combatiendo contra Israel con cuchillos si le faltara el suministro de cohetes, misiles bal\u00edsticos y drones de Ir\u00e1n\u201d"},"content":{"rendered":"<p>[videopack id=&#8221;2306&#8243;]https:\/\/www2.memri.org\/espanol\/tv\/wp-content\/uploads\/2023\/10\/10546-ESP.mp4[\/videopack]<\/p>\n<p><em>El investigador liban\u00e9s radicado en Teher\u00e1n Hakam Amhaz particip\u00f3 en un programa presentado el 15 de octubre de 2023 en el canal de televisi\u00f3n iraqu\u00ed Al-Ahd. En la ocasi\u00f3n, Amhaz declar\u00f3 que la resistencia palestina combati\u00f3 contra Israel con cuchillos y tirachinas antes de que los iran\u00edes les suministraran cohetes, misiles bal\u00edsticos y drones. Tambi\u00e9n sostuvo que,<\/em><br \/>\n<em>\u00a0incluso los t\u00faneles que protegen al pueblo de Gaza fueron una &#8220;creaci\u00f3n&#8221; del comandante de la Fuerza Qods de la Guardia Revolucionaria de Ir\u00e1n, Qasem Soleimani. Amhaz conden\u00f3 a los pa\u00edses \u00e1rabes por no brindar asistencia a los palestinos, como lo hizo Ir\u00e1n.<\/em><\/p>\n","protected":false},"excerpt":{"rendered":"<p>[videopack id=&#8221;2306&#8243;]<\/p>\n<p><em>El investigador liban\u00e9s radicado en Teher\u00e1n Hakam Amhaz particip\u00f3 en un programa presentado el 15 de octubre de 2023 en el canal de televisi\u00f3n iraqu\u00ed Al-Ahd. En la ocasi\u00f3n, Amhaz declar\u00f3 que la resistencia palestina combati\u00f3 contra Israel con cuchillos y tirachinas antes de que los iran\u00edes les suministraran cohetes, misiles bal\u00edsticos y drones. Tambi\u00e9n sostuvo que,<\/em><br \/>\n<em>\u00a0incluso los t\u00faneles que protegen al pueblo de Gaza fueron una &#8220;creaci\u00f3n&#8221; del comandante de la Fuerza Qods de la Guardia Revolucionaria de Ir\u00e1n, Qasem Soleimani. Amhaz conden\u00f3 a los pa\u00edses \u00e1rabes por no brindar asistencia a los palestinos, como lo hizo Ir\u00e1n.<\/em><\/p>\n","protected":false},"author":3,"featured_media":2305,"comment_status":"open","ping_status":"open","sticky":false,"template":"","format":"video","meta":{"footnotes":""},"categories":[18,5],"tags":[],"class_list":["post-2303","post","type-post","status-publish","format-video","has-post-thumbnail","hentry","category-libano","category-paises","post_format-post-format-video"],"_links":{"self":[{"href":"https:\/\/www2.memri.org\/espanol\/tv\/wp-json\/wp\/v2\/posts\/2303","targetHints":{"allow":["GET"]}}],"collection":[{"href":"https:\/\/www2.memri.org\/espanol\/tv\/wp-json\/wp\/v2\/posts"}],"about":[{"href":"https:\/\/www2.memri.org\/espanol\/tv\/wp-json\/wp\/v2\/types\/post"}],"author":[{"embeddable":true,"href":"https:\/\/www2.memri.org\/espanol\/tv\/wp-json\/wp\/v2\/users\/3"}],"replies":[{"embeddable":true,"href":"https:\/\/www2.memri.org\/espanol\/tv\/wp-json\/wp\/v2\/comments?post=2303"}],"version-history":[{"count":0,"href":"https:\/\/www2.memri.org\/espanol\/tv\/wp-json\/wp\/v2\/posts\/2303\/revisions"}],"wp:featuredmedia":[{"embeddable":true,"href":"https:\/\/www2.memri.org\/espanol\/tv\/wp-json\/wp\/v2\/media\/2305"}],"wp:attachment":[{"href":"https:\/\/www2.memri.org\/espanol\/tv\/wp-json\/wp\/v2\/media?parent=2303"}],"wp:term":[{"taxonomy":"category","embeddable":true,"href":"https:\/\/www2.memri.org\/espanol\/tv\/wp-json\/wp\/v2\/categories?post=2303"},{"taxonomy":"post_tag","embeddable":true,"href":"https:\/\/www2.memri.org\/espanol\/tv\/wp-json\/wp\/v2\/tags?post=2303"}],"curies":[{"name":"wp","href":"https:\/\/api.w.org\/{rel}","templated":true}]}}