{"id":2289,"date":"2023-10-23T09:58:57","date_gmt":"2023-10-23T06:58:57","guid":{"rendered":"https:\/\/www2.memri.org\/espanol\/tv\/?p=2289"},"modified":"2023-10-23T09:58:57","modified_gmt":"2023-10-23T06:58:57","slug":"ex-ministro-del-interior-libanes-marwan-charbel-acusa-a-israel-de-fabricar-imagenes-de-las-atrocidades-de-hamas-y-dice-lo-que-israel-esta-haciendo-en-gaza-los-nazis-no-hicieron-en","status":"publish","type":"post","link":"https:\/\/www2.memri.org\/espanol\/tv\/2023\/10\/23\/ex-ministro-del-interior-libanes-marwan-charbel-acusa-a-israel-de-fabricar-imagenes-de-las-atrocidades-de-hamas-y-dice-lo-que-israel-esta-haciendo-en-gaza-los-nazis-no-hicieron-en\/","title":{"rendered":"Ex-ministro del Interior liban\u00e9s Marwan Charbel acusa a Israel de fabricar im\u00e1genes de las atrocidades de Ham\u00e1s y dice: \u201cLo que Israel est\u00e1 haciendo en Gaza \u2013 los nazis no hicieron en el Holocausto\u201d"},"content":{"rendered":"<p>[videopack id=&#8221;2294&#8243;]https:\/\/www2.memri.org\/espanol\/tv\/wp-content\/uploads\/2023\/10\/10542-ESP-1.mp4[\/videopack]<\/p>\n<p><em>El 15 de octubre de 2023, el ex-ministro del Interior liban\u00e9s Marwan Charbel dijo que Israel fabric\u00f3 im\u00e1genes de palestinos asesinando a ni\u00f1os en el ataque perpetrado por Ham\u00e1s el 7 de octubre. En una entrevista en el canal de televisi\u00f3n liban\u00e9s Al-Jadeed, Charbel dijo: &#8220;Lo que Israel est\u00e1 haciendo en Gaza [&#8230;] ni los nazis ni Hitler no se lo hicieron a los israel\u00edes, como ellos siguen diciendo sobre el Holocausto&#8221;.<\/em><\/p>\n","protected":false},"excerpt":{"rendered":"<p>[videopack id=&#8221;2294&#8243;]<\/p>\n<p><em>El 15 de octubre de 2023, el ex-ministro del Interior liban\u00e9s Marwan Charbel dijo que Israel fabric\u00f3 im\u00e1genes de palestinos asesinando a ni\u00f1os en el ataque perpetrado por Ham\u00e1s el 7 de octubre. En una entrevista en el canal de televisi\u00f3n liban\u00e9s Al-Jadeed, Charbel dijo: &#8220;Lo que Israel est\u00e1 haciendo en Gaza [&#8230;] ni los nazis ni Hitler no se lo hicieron a los israel\u00edes, como ellos siguen diciendo sobre el Holocausto&#8221;.<\/em><\/p>\n","protected":false},"author":3,"featured_media":2291,"comment_status":"open","ping_status":"open","sticky":false,"template":"","format":"video","meta":{"footnotes":""},"categories":[2,18,5],"tags":[],"class_list":["post-2289","post","type-post","status-publish","format-video","has-post-thumbnail","hentry","category-featured","category-libano","category-paises","post_format-post-format-video"],"_links":{"self":[{"href":"https:\/\/www2.memri.org\/espanol\/tv\/wp-json\/wp\/v2\/posts\/2289","targetHints":{"allow":["GET"]}}],"collection":[{"href":"https:\/\/www2.memri.org\/espanol\/tv\/wp-json\/wp\/v2\/posts"}],"about":[{"href":"https:\/\/www2.memri.org\/espanol\/tv\/wp-json\/wp\/v2\/types\/post"}],"author":[{"embeddable":true,"href":"https:\/\/www2.memri.org\/espanol\/tv\/wp-json\/wp\/v2\/users\/3"}],"replies":[{"embeddable":true,"href":"https:\/\/www2.memri.org\/espanol\/tv\/wp-json\/wp\/v2\/comments?post=2289"}],"version-history":[{"count":0,"href":"https:\/\/www2.memri.org\/espanol\/tv\/wp-json\/wp\/v2\/posts\/2289\/revisions"}],"wp:featuredmedia":[{"embeddable":true,"href":"https:\/\/www2.memri.org\/espanol\/tv\/wp-json\/wp\/v2\/media\/2291"}],"wp:attachment":[{"href":"https:\/\/www2.memri.org\/espanol\/tv\/wp-json\/wp\/v2\/media?parent=2289"}],"wp:term":[{"taxonomy":"category","embeddable":true,"href":"https:\/\/www2.memri.org\/espanol\/tv\/wp-json\/wp\/v2\/categories?post=2289"},{"taxonomy":"post_tag","embeddable":true,"href":"https:\/\/www2.memri.org\/espanol\/tv\/wp-json\/wp\/v2\/tags?post=2289"}],"curies":[{"name":"wp","href":"https:\/\/api.w.org\/{rel}","templated":true}]}}