{"id":228,"date":"2022-11-01T17:14:23","date_gmt":"2022-11-01T21:14:23","guid":{"rendered":"https:\/\/www2.memri.org\/espanol\/tv\/?p=228"},"modified":"2023-02-02T17:18:41","modified_gmt":"2023-02-02T21:18:41","slug":"estudiantes-hombres-y-mujeres-de-la-universidad-de-kurdistan-en-sanandaj-iran-bailan-juntos-y-cantan-mujer-vida-libertad-en-protesta-contra-el-regimen","status":"publish","type":"post","link":"https:\/\/www2.memri.org\/espanol\/tv\/2022\/11\/01\/estudiantes-hombres-y-mujeres-de-la-universidad-de-kurdistan-en-sanandaj-iran-bailan-juntos-y-cantan-mujer-vida-libertad-en-protesta-contra-el-regimen\/","title":{"rendered":"Estudiantes (hombres y mujeres) de la Universidad de Kurdist\u00e1n en Sanandaj, Ir\u00e1n, bailan juntos y cantan: \u00a1Mujer, vida, libertad! en protesta contra el r\u00e9gimen."},"content":{"rendered":"<p>[videopack id=&#8221;229&#8243;]https:\/\/www2.memri.org\/espanol\/tv\/wp-content\/uploads\/2023\/02\/9907-subtitulado.mp4[\/videopack]<\/p>\n<p><em>El 1 de noviembre pasado, Saman Rasoulpour del medio de comunicaci\u00f3n en persa Iran International public\u00f3 un video de una protesta contra el r\u00e9gimen en la Universidad del Kurdist\u00e1n en Ir\u00e1n en su cuenta de Twitter. En el video, se ve a hombres y mujeres bailando y cantando: &#8220;Mujer, vida, libertad!&#8221;<\/em><\/p>\n<p>Manifestantes: &#8220;\u00a1Mujer, vida, libertad! \u00a1Mujer, vida, libertad! \u00a1Mujer, vida, libertad!&#8221;<\/p>\n","protected":false},"excerpt":{"rendered":"<p>[videopack id=&#8221;229&#8243;]<\/p>\n<p><em>El 1 de noviembre pasado, Saman Rasoulpour del medio de comunicaci\u00f3n en persa Iran International public\u00f3 un video de una protesta contra el r\u00e9gimen en la Universidad del Kurdist\u00e1n en Ir\u00e1n en su cuenta de Twitter. En el video, se ve a hombres y mujeres bailando y cantando: &#8220;Mujer, vida, libertad!&#8221;<\/em><\/p>\n<p>Manifestantes: &#8220;\u00a1Mujer, vida, libertad! \u00a1Mujer, vida, libertad! \u00a1Mujer, vida, libertad!&#8221;<\/p>\n","protected":false},"author":3,"featured_media":230,"comment_status":"open","ping_status":"open","sticky":false,"template":"","format":"video","meta":{"footnotes":""},"categories":[15,213,5,142],"tags":[],"class_list":["post-228","post","type-post","status-publish","format-video","has-post-thumbnail","hentry","category-iran","category-mujer-vida-y-libertad-protestas-en-iran","category-paises","category-temas","post_format-post-format-video"],"_links":{"self":[{"href":"https:\/\/www2.memri.org\/espanol\/tv\/wp-json\/wp\/v2\/posts\/228","targetHints":{"allow":["GET"]}}],"collection":[{"href":"https:\/\/www2.memri.org\/espanol\/tv\/wp-json\/wp\/v2\/posts"}],"about":[{"href":"https:\/\/www2.memri.org\/espanol\/tv\/wp-json\/wp\/v2\/types\/post"}],"author":[{"embeddable":true,"href":"https:\/\/www2.memri.org\/espanol\/tv\/wp-json\/wp\/v2\/users\/3"}],"replies":[{"embeddable":true,"href":"https:\/\/www2.memri.org\/espanol\/tv\/wp-json\/wp\/v2\/comments?post=228"}],"version-history":[{"count":0,"href":"https:\/\/www2.memri.org\/espanol\/tv\/wp-json\/wp\/v2\/posts\/228\/revisions"}],"wp:featuredmedia":[{"embeddable":true,"href":"https:\/\/www2.memri.org\/espanol\/tv\/wp-json\/wp\/v2\/media\/230"}],"wp:attachment":[{"href":"https:\/\/www2.memri.org\/espanol\/tv\/wp-json\/wp\/v2\/media?parent=228"}],"wp:term":[{"taxonomy":"category","embeddable":true,"href":"https:\/\/www2.memri.org\/espanol\/tv\/wp-json\/wp\/v2\/categories?post=228"},{"taxonomy":"post_tag","embeddable":true,"href":"https:\/\/www2.memri.org\/espanol\/tv\/wp-json\/wp\/v2\/tags?post=228"}],"curies":[{"name":"wp","href":"https:\/\/api.w.org\/{rel}","templated":true}]}}