{"id":2279,"date":"2023-10-22T11:40:22","date_gmt":"2023-10-22T08:40:22","guid":{"rendered":"https:\/\/www2.memri.org\/espanol\/tv\/?p=2279"},"modified":"2023-10-22T10:34:47","modified_gmt":"2023-10-22T07:34:47","slug":"lider-supremo-irani-ayatola-ali-khamenei-estados-unidos-determina-la-politica-israeli-si-los-crimenes-de-israel-continuan-las-fuerzas-de-la-resistencia-musulmana-perderan-la-paciencia-y-n","status":"publish","type":"post","link":"https:\/\/www2.memri.org\/espanol\/tv\/2023\/10\/22\/lider-supremo-irani-ayatola-ali-khamenei-estados-unidos-determina-la-politica-israeli-si-los-crimenes-de-israel-continuan-las-fuerzas-de-la-resistencia-musulmana-perderan-la-paciencia-y-n\/","title":{"rendered":"L\u00edder supremo iran\u00ed, ayatol\u00e1 Ali Khamenei: \u201cEstados Unidos determina la pol\u00edtica israel\u00ed; Si los cr\u00edmenes de Israel contin\u00faan, las fuerzas de la resistencia musulmana perder\u00e1n la paciencia y nadie los detendr\u00e1\u201d"},"content":{"rendered":"<p>[videopack id=&#8221;2282&#8243;]https:\/\/www2.memri.org\/espanol\/tv\/wp-content\/uploads\/2023\/10\/10540-ESP.mp4[\/videopack]<\/p>\n<p><em>El l\u00edder supremo iran\u00ed, Ayatola Ali Khamenei, pronunci\u00f3 un discurso el 17 de octubre de 2023, que fue transmitido por el Canal 1 de la televisi\u00f3n iran\u00ed.<\/em><\/p>\n<p><em>En la ocasi\u00f3n, Khamenei advirti\u00f3 que son los estadounidenses los responsables de las acciones de Israel porque &#8211; seg\u00fan informes de inteligencia \u2013 son ellos quienes conducen las pol\u00edticas de Israel. El l\u00edder iran\u00ed dijo que los musulmanes est\u00e1n &#8220;furiosos&#8221; por los &#8220;cr\u00edmenes&#8221; de Israel y que si Israel contin\u00faa bombardeando Gaza, los musulmanes en el mundo y los grupos de resistencia, perder\u00e1n la paciencia y &#8220;nadie los detendr\u00e1&#8221;. Khamenei se\u00f1al\u00f3 tambi\u00e9n que los palestinos no asesinaron civiles durante la invasi\u00f3n al sur de Israel el 7 de octubre, porque los israel\u00edes en los \u201casentamientos\u201d no son civiles, e incluso si lo hubiesen hecho, Israel ahora est\u00e1 asesinando 100 veces m\u00e1s civiles en Gaza. Khamenei asegur\u00f3 que nada de lo que Israel pueda hacer compensar\u00e1 la \u201chumillante derrota\u201d que sufri\u00f3. <\/em><\/p>\n","protected":false},"excerpt":{"rendered":"<p>[videopack id=&#8221;2282&#8243;]<\/p>\n<p><em>El l\u00edder supremo iran\u00ed, Ayatola Ali Khamenei, pronunci\u00f3 un discurso el 17 de octubre de 2023, que fue transmitido por el Canal 1 de la televisi\u00f3n iran\u00ed.<\/em><\/p>\n<p><em>En la ocasi\u00f3n, Khamenei advirti\u00f3 que son los estadounidenses los responsables de las acciones de Israel porque &#8211; seg\u00fan informes de inteligencia \u2013 son ellos quienes conducen las pol\u00edticas de Israel. El l\u00edder iran\u00ed dijo que los musulmanes est\u00e1n &#8220;furiosos&#8221; por los &#8220;cr\u00edmenes&#8221; de Israel y que si Israel contin\u00faa bombardeando Gaza, los musulmanes en el mundo y los grupos de resistencia, perder\u00e1n la paciencia y &#8220;nadie los detendr\u00e1&#8221;. Khamenei se\u00f1al\u00f3 tambi\u00e9n que los palestinos no asesinaron civiles durante la invasi\u00f3n al sur de Israel el 7 de octubre, porque los israel\u00edes en los \u201casentamientos\u201d no son civiles, e incluso si lo hubiesen hecho, Israel ahora est\u00e1 asesinando 100 veces m\u00e1s civiles en Gaza. Khamenei asegur\u00f3 que nada de lo que Israel pueda hacer compensar\u00e1 la \u201chumillante derrota\u201d que sufri\u00f3. <\/em><\/p>\n","protected":false},"author":3,"featured_media":2281,"comment_status":"open","ping_status":"open","sticky":false,"template":"","format":"video","meta":{"footnotes":""},"categories":[2,610],"tags":[],"class_list":["post-2279","post","type-post","status-publish","format-video","has-post-thumbnail","hentry","category-featured","category-lider-supremo-de-iran-ali-khamenei","post_format-post-format-video"],"_links":{"self":[{"href":"https:\/\/www2.memri.org\/espanol\/tv\/wp-json\/wp\/v2\/posts\/2279","targetHints":{"allow":["GET"]}}],"collection":[{"href":"https:\/\/www2.memri.org\/espanol\/tv\/wp-json\/wp\/v2\/posts"}],"about":[{"href":"https:\/\/www2.memri.org\/espanol\/tv\/wp-json\/wp\/v2\/types\/post"}],"author":[{"embeddable":true,"href":"https:\/\/www2.memri.org\/espanol\/tv\/wp-json\/wp\/v2\/users\/3"}],"replies":[{"embeddable":true,"href":"https:\/\/www2.memri.org\/espanol\/tv\/wp-json\/wp\/v2\/comments?post=2279"}],"version-history":[{"count":0,"href":"https:\/\/www2.memri.org\/espanol\/tv\/wp-json\/wp\/v2\/posts\/2279\/revisions"}],"wp:featuredmedia":[{"embeddable":true,"href":"https:\/\/www2.memri.org\/espanol\/tv\/wp-json\/wp\/v2\/media\/2281"}],"wp:attachment":[{"href":"https:\/\/www2.memri.org\/espanol\/tv\/wp-json\/wp\/v2\/media?parent=2279"}],"wp:term":[{"taxonomy":"category","embeddable":true,"href":"https:\/\/www2.memri.org\/espanol\/tv\/wp-json\/wp\/v2\/categories?post=2279"},{"taxonomy":"post_tag","embeddable":true,"href":"https:\/\/www2.memri.org\/espanol\/tv\/wp-json\/wp\/v2\/tags?post=2279"}],"curies":[{"name":"wp","href":"https:\/\/api.w.org\/{rel}","templated":true}]}}