{"id":2255,"date":"2023-10-19T09:47:52","date_gmt":"2023-10-19T06:47:52","guid":{"rendered":"https:\/\/www2.memri.org\/espanol\/tv\/?p=2255"},"modified":"2023-10-19T09:47:52","modified_gmt":"2023-10-19T06:47:52","slug":"primer-ministro-najib-mikati-admite-que-hezbollah-toma-las-decisiones-en-el-libano-la-decision-de-ir-a-la-guerra-con-israel-no-esta-en-mis-manos","status":"publish","type":"post","link":"https:\/\/www2.memri.org\/espanol\/tv\/2023\/10\/19\/primer-ministro-najib-mikati-admite-que-hezbollah-toma-las-decisiones-en-el-libano-la-decision-de-ir-a-la-guerra-con-israel-no-esta-en-mis-manos\/","title":{"rendered":"Primer Ministro Najib Mikati admite que Hezbollah toma las decisiones en el L\u00edbano: \u201cLa decisi\u00f3n de ir a la guerra con Israel no est\u00e1 en mis manos\u201d"},"content":{"rendered":"<p>[videopack id=&#8221;2259&#8243;]https:\/\/www2.memri.org\/espanol\/tv\/wp-content\/uploads\/2023\/10\/10532-ESP.mp4[\/videopack]<\/p>\n<p><em>El primer ministro liban\u00e9s, Najib Mikati, fue entrevistado el 14 de octubre de 2023 por el canal de televisi\u00f3n liban\u00e9s Al-Jadeed.<br \/>\n<\/em><em>En la ocasi\u00f3n, Mikati dijo que las &#8220;provocaciones de Israel no deben continuar&#8221; y que no depende de \u00e9l la decisi\u00f3n de si ir a la guerra con Israel o no. Cuando la entrevistadora se sorprendi\u00f3 al escuchar tal afirmaci\u00f3n, Mikati le pregunt\u00f3 si ella hablaba &#8220;desde el L\u00edbano o desde las islas de Curazao&#8221;, y dijo que est\u00e1 muy consciente de la situaci\u00f3n.<\/em><\/p>\n","protected":false},"excerpt":{"rendered":"<p>[videopack id=&#8221;2259&#8243;]<\/p>\n<p><em>El primer ministro liban\u00e9s, Najib Mikati, fue entrevistado el 14 de octubre de 2023 por el canal de televisi\u00f3n liban\u00e9s Al-Jadeed.<br \/>\n<\/em><em>En la ocasi\u00f3n, Mikati dijo que las &#8220;provocaciones de Israel no deben continuar&#8221; y que no depende de \u00e9l la decisi\u00f3n de si ir a la guerra con Israel o no. Cuando la entrevistadora se sorprendi\u00f3 al escuchar tal afirmaci\u00f3n, Mikati le pregunt\u00f3 si ella hablaba &#8220;desde el L\u00edbano o desde las islas de Curazao&#8221;, y dijo que est\u00e1 muy consciente de la situaci\u00f3n.<\/em><\/p>\n","protected":false},"author":3,"featured_media":2257,"comment_status":"open","ping_status":"open","sticky":false,"template":"","format":"video","meta":{"footnotes":""},"categories":[2,18,5],"tags":[],"class_list":["post-2255","post","type-post","status-publish","format-video","has-post-thumbnail","hentry","category-featured","category-libano","category-paises","post_format-post-format-video"],"_links":{"self":[{"href":"https:\/\/www2.memri.org\/espanol\/tv\/wp-json\/wp\/v2\/posts\/2255","targetHints":{"allow":["GET"]}}],"collection":[{"href":"https:\/\/www2.memri.org\/espanol\/tv\/wp-json\/wp\/v2\/posts"}],"about":[{"href":"https:\/\/www2.memri.org\/espanol\/tv\/wp-json\/wp\/v2\/types\/post"}],"author":[{"embeddable":true,"href":"https:\/\/www2.memri.org\/espanol\/tv\/wp-json\/wp\/v2\/users\/3"}],"replies":[{"embeddable":true,"href":"https:\/\/www2.memri.org\/espanol\/tv\/wp-json\/wp\/v2\/comments?post=2255"}],"version-history":[{"count":0,"href":"https:\/\/www2.memri.org\/espanol\/tv\/wp-json\/wp\/v2\/posts\/2255\/revisions"}],"wp:featuredmedia":[{"embeddable":true,"href":"https:\/\/www2.memri.org\/espanol\/tv\/wp-json\/wp\/v2\/media\/2257"}],"wp:attachment":[{"href":"https:\/\/www2.memri.org\/espanol\/tv\/wp-json\/wp\/v2\/media?parent=2255"}],"wp:term":[{"taxonomy":"category","embeddable":true,"href":"https:\/\/www2.memri.org\/espanol\/tv\/wp-json\/wp\/v2\/categories?post=2255"},{"taxonomy":"post_tag","embeddable":true,"href":"https:\/\/www2.memri.org\/espanol\/tv\/wp-json\/wp\/v2\/tags?post=2255"}],"curies":[{"name":"wp","href":"https:\/\/api.w.org\/{rel}","templated":true}]}}