{"id":2185,"date":"2023-10-09T10:53:58","date_gmt":"2023-10-09T07:53:58","guid":{"rendered":"https:\/\/www2.memri.org\/espanol\/tv\/?p=2185"},"modified":"2023-10-09T08:54:21","modified_gmt":"2023-10-09T05:54:21","slug":"comandante-de-la-armada-irani-contraalmirante-shahram-irani-tenemos-derechos-de-propiedad-en-el-polo-sur-tenemos-planes-de-izar-nuestra-bandera-en-el-polo-sur-y-realizar-trabajos-militares","status":"publish","type":"post","link":"https:\/\/www2.memri.org\/espanol\/tv\/2023\/10\/09\/comandante-de-la-armada-irani-contraalmirante-shahram-irani-tenemos-derechos-de-propiedad-en-el-polo-sur-tenemos-planes-de-izar-nuestra-bandera-en-el-polo-sur-y-realizar-trabajos-militares\/","title":{"rendered":"Comandante de la Armada iran\u00ed, contraalmirante Shahram Irani: \u201cTenemos derechos de propiedad en el Polo Sur; Tenemos planes de izar nuestra bandera en el Polo Sur y realizar trabajos militares y cient\u00edficos all\u00ed\u201d"},"content":{"rendered":"<p>[videopack id=&#8221;2187&#8243;]https:\/\/www2.memri.org\/espanol\/tv\/wp-content\/uploads\/2023\/10\/10499-ESP.mp4[\/videopack]<\/p>\n<p><em>El comandante de la Armada iran\u00ed, el contraalmirante Shahram, dice en un programa presentado el 28 de septiembre de 2023 en el Canal 1 de la televisi\u00f3n iran\u00ed que Ir\u00e1n tiene derechos de propiedad en el Polo Sur y se compromete izar la bandera iran\u00ed en el lugar. Shahram dijo que Ir\u00e1n tiene mucho trabajo militar y cient\u00edfico que realizar all\u00ed. En respuesta a la pregunta del entrevistador: \u201c\u00bfEntonces podemos declarar que el almirante Irani promete que construiremos una base permanente en el Polo Sur?\u201d Irani respondi\u00f3 afirmativamente: \u201cInshallah, inshallah\u201d.<\/em><\/p>\n","protected":false},"excerpt":{"rendered":"<p>[videopack id=&#8221;2187&#8243;]<\/p>\n<p><em>El comandante de la Armada iran\u00ed, el contraalmirante Shahram, dice en un programa presentado el 28 de septiembre de 2023 en el Canal 1 de la televisi\u00f3n iran\u00ed que Ir\u00e1n tiene derechos de propiedad en el Polo Sur y se compromete izar la bandera iran\u00ed en el lugar. Shahram dijo que Ir\u00e1n tiene mucho trabajo militar y cient\u00edfico que realizar all\u00ed. En respuesta a la pregunta del entrevistador: \u201c\u00bfEntonces podemos declarar que el almirante Irani promete que construiremos una base permanente en el Polo Sur?\u201d Irani respondi\u00f3 afirmativamente: \u201cInshallah, inshallah\u201d.<\/em><\/p>\n","protected":false},"author":3,"featured_media":2186,"comment_status":"open","ping_status":"open","sticky":false,"template":"","format":"video","meta":{"footnotes":""},"categories":[2,15,5],"tags":[],"class_list":["post-2185","post","type-post","status-publish","format-video","has-post-thumbnail","hentry","category-featured","category-iran","category-paises","post_format-post-format-video"],"_links":{"self":[{"href":"https:\/\/www2.memri.org\/espanol\/tv\/wp-json\/wp\/v2\/posts\/2185","targetHints":{"allow":["GET"]}}],"collection":[{"href":"https:\/\/www2.memri.org\/espanol\/tv\/wp-json\/wp\/v2\/posts"}],"about":[{"href":"https:\/\/www2.memri.org\/espanol\/tv\/wp-json\/wp\/v2\/types\/post"}],"author":[{"embeddable":true,"href":"https:\/\/www2.memri.org\/espanol\/tv\/wp-json\/wp\/v2\/users\/3"}],"replies":[{"embeddable":true,"href":"https:\/\/www2.memri.org\/espanol\/tv\/wp-json\/wp\/v2\/comments?post=2185"}],"version-history":[{"count":0,"href":"https:\/\/www2.memri.org\/espanol\/tv\/wp-json\/wp\/v2\/posts\/2185\/revisions"}],"wp:featuredmedia":[{"embeddable":true,"href":"https:\/\/www2.memri.org\/espanol\/tv\/wp-json\/wp\/v2\/media\/2186"}],"wp:attachment":[{"href":"https:\/\/www2.memri.org\/espanol\/tv\/wp-json\/wp\/v2\/media?parent=2185"}],"wp:term":[{"taxonomy":"category","embeddable":true,"href":"https:\/\/www2.memri.org\/espanol\/tv\/wp-json\/wp\/v2\/categories?post=2185"},{"taxonomy":"post_tag","embeddable":true,"href":"https:\/\/www2.memri.org\/espanol\/tv\/wp-json\/wp\/v2\/tags?post=2185"}],"curies":[{"name":"wp","href":"https:\/\/api.w.org\/{rel}","templated":true}]}}