{"id":209,"date":"2022-10-22T16:25:38","date_gmt":"2022-10-22T20:25:38","guid":{"rendered":"https:\/\/www2.memri.org\/espanol\/tv\/?p=209"},"modified":"2023-02-02T16:28:52","modified_gmt":"2023-02-02T20:28:52","slug":"presidente-irani-ebrahim-raisi-los-paises-que-ni-siquiera-nos-venderian-alambre-de-puas-ahora-quieren-comprar-nuestros-productos-militares-avanzados","status":"publish","type":"post","link":"https:\/\/www2.memri.org\/espanol\/tv\/2022\/10\/22\/presidente-irani-ebrahim-raisi-los-paises-que-ni-siquiera-nos-venderian-alambre-de-puas-ahora-quieren-comprar-nuestros-productos-militares-avanzados\/","title":{"rendered":"Presidente iran\u00ed Ebrahim Raisi: \u201cLos pa\u00edses que ni siquiera nos vender\u00edan alambre de p\u00faas ahora quieren comprar nuestros productos militares avanzados\u201d."},"content":{"rendered":"<p>[videopack id=&#8221;210&#8243;]https:\/\/www2.memri.org\/espanol\/tv\/wp-content\/uploads\/2023\/02\/9888-subtitulado.mp4[\/videopack]<\/p>\n<p><em>El presidente iran\u00ed, Ebrahim Raisi, dijo el 22 de octubre de 2022\u00a0 &#8211; en un discurso p\u00fablico transmitido por IRINN TV (Ir\u00e1n) &#8211; que cuando viaja fuera del pa\u00eds, los l\u00edderes extranjeros se le acercan para pedirle comprar equipo militar fabricado en Ir\u00e1n. <\/em><\/p>\n<p><em>En su discurso, Raisi compar\u00f3 esto con el pasado, cuando los pa\u00edses \u201cni siquiera estaban dispuestos a vender alambre de p\u00faas\u201da Ir\u00e1n, y dijo que los l\u00edderes extranjeros quieren productos militares iran\u00edes porque son &#8220;m\u00e1s avanzados&#8221; que los equipos del resto del mundo.<\/em><\/p>\n<p><strong>Ebrahim Raisi:<\/strong> &#8220;Hasta hace poco, nuestra industria militar ni siquiera ten\u00eda alambre de p\u00faas, y ellos no nos lo habr\u00edan dado. Hoy, en Nueva York, en Samarcanda (Uzbekist\u00e1n), cuando me re\u00fano con los jefes de estado, me preguntan: &#8216;\u00bfNo quiere Usted vendernos los productos de sus industrias militares?<\/p>\n<p>Esto es peculiar. Ustedes no vender\u00edan alambre de p\u00faas a nuestro pa\u00eds, \u00bfy ahora quieren nuestros productos militares? [Les pregunto]: &#8216;\u00bfPor qu\u00e9 no van y compran este equipo en otra parte?&#8217; Dicen: &#8216;No. Su industria es m\u00e1s avanzada. Es diferente al resto del mundo'&#8221;.<\/p>\n","protected":false},"excerpt":{"rendered":"<p>[videopack id=&#8221;210&#8243;]<\/p>\n<p><em>El presidente iran\u00ed, Ebrahim Raisi, dijo el 22 de octubre de 2022\u00a0 &#8211; en un discurso p\u00fablico transmitido por IRINN TV (Ir\u00e1n) &#8211; que cuando viaja fuera del pa\u00eds, los l\u00edderes extranjeros se le acercan para pedirle comprar equipo militar fabricado en Ir\u00e1n. <\/em><\/p>\n<p><em>En su discurso, Raisi compar\u00f3 esto con el pasado, cuando los pa\u00edses \u201cni siquiera estaban dispuestos a vender alambre de p\u00faas\u201da Ir\u00e1n, y dijo que los l\u00edderes extranjeros quieren productos militares iran\u00edes porque son &#8220;m\u00e1s avanzados&#8221; que los equipos del resto del mundo.<\/em><\/p>\n<p><strong>Ebrahim Raisi:<\/strong> &#8220;Hasta hace poco, nuestra industria militar ni siquiera ten\u00eda alambre de p\u00faas, y ellos no nos lo habr\u00edan dado. Hoy, en Nueva York, en Samarcanda (Uzbekist\u00e1n), cuando me re\u00fano con los jefes de estado, me preguntan: &#8216;\u00bfNo quiere Usted vendernos los productos de sus industrias militares?<\/p>\n<p>Esto es peculiar. Ustedes no vender\u00edan alambre de p\u00faas a nuestro pa\u00eds, \u00bfy ahora quieren nuestros productos militares? [Les pregunto]: &#8216;\u00bfPor qu\u00e9 no van y compran este equipo en otra parte?&#8217; Dicen: &#8216;No. Su industria es m\u00e1s avanzada. Es diferente al resto del mundo'&#8221;.<\/p>\n","protected":false},"author":3,"featured_media":211,"comment_status":"open","ping_status":"open","sticky":false,"template":"","format":"video","meta":{"footnotes":""},"categories":[23,15,5,90,227,142],"tags":[],"class_list":["post-209","post","type-post","status-publish","format-video","has-post-thumbnail","hentry","category-intelectuales-o-politicos","category-iran","category-paises","category-presidente-irani-ebrahim-raisi","category-raisi-se-jacta-de-las-armas-iranies","category-temas","post_format-post-format-video"],"_links":{"self":[{"href":"https:\/\/www2.memri.org\/espanol\/tv\/wp-json\/wp\/v2\/posts\/209","targetHints":{"allow":["GET"]}}],"collection":[{"href":"https:\/\/www2.memri.org\/espanol\/tv\/wp-json\/wp\/v2\/posts"}],"about":[{"href":"https:\/\/www2.memri.org\/espanol\/tv\/wp-json\/wp\/v2\/types\/post"}],"author":[{"embeddable":true,"href":"https:\/\/www2.memri.org\/espanol\/tv\/wp-json\/wp\/v2\/users\/3"}],"replies":[{"embeddable":true,"href":"https:\/\/www2.memri.org\/espanol\/tv\/wp-json\/wp\/v2\/comments?post=209"}],"version-history":[{"count":0,"href":"https:\/\/www2.memri.org\/espanol\/tv\/wp-json\/wp\/v2\/posts\/209\/revisions"}],"wp:featuredmedia":[{"embeddable":true,"href":"https:\/\/www2.memri.org\/espanol\/tv\/wp-json\/wp\/v2\/media\/211"}],"wp:attachment":[{"href":"https:\/\/www2.memri.org\/espanol\/tv\/wp-json\/wp\/v2\/media?parent=209"}],"wp:term":[{"taxonomy":"category","embeddable":true,"href":"https:\/\/www2.memri.org\/espanol\/tv\/wp-json\/wp\/v2\/categories?post=209"},{"taxonomy":"post_tag","embeddable":true,"href":"https:\/\/www2.memri.org\/espanol\/tv\/wp-json\/wp\/v2\/tags?post=209"}],"curies":[{"name":"wp","href":"https:\/\/api.w.org\/{rel}","templated":true}]}}