{"id":2069,"date":"2023-09-07T21:43:12","date_gmt":"2023-09-07T18:43:12","guid":{"rendered":"https:\/\/www2.memri.org\/espanol\/tv\/?p=2069"},"modified":"2023-09-07T21:51:46","modified_gmt":"2023-09-07T18:51:46","slug":"presidente-palestino-mahmoud-abbas-hitler-lucho-contra-los-judios-europeos-debido-a-su-usura-y-sus-negocios-con-dinero-no-se-trataba-de-antisemitismo-los-judios-de-los-paises-arabes-no-que","status":"publish","type":"post","link":"https:\/\/www2.memri.org\/espanol\/tv\/2023\/09\/07\/presidente-palestino-mahmoud-abbas-hitler-lucho-contra-los-judios-europeos-debido-a-su-usura-y-sus-negocios-con-dinero-no-se-trataba-de-antisemitismo-los-judios-de-los-paises-arabes-no-que\/","title":{"rendered":"Presidente palestino Mahmoud Abbas: \u201cHitler luch\u00f3 contra los jud\u00edos europeos debido a su usura y sus negocios con dinero; No se trataba de antisemitismo; Los jud\u00edos de los pa\u00edses \u00e1rabes no quer\u00edan emigrar, pero fueron obligados a hacerlo por Israel\u201d"},"content":{"rendered":"<p>[videopack id=&#8221;2096&#8243;]https:\/\/www2.memri.org\/espanol\/tv\/wp-content\/uploads\/2023\/09\/10461-ESP.mp4[\/videopack]<\/p>\n<p><em>El presidente de la Autoridad Palestina, Mahmoud Abbas se refiri\u00f3 al antisemitismo en un discurso pronunciado en la 11\u00aa sesi\u00f3n del Consejo Revolucionario de Fatah, el 24 de agosto de 2023. En la ocasi\u00f3n, Abbas sostuvo que la &#8220;verdad&#8221; es que los jud\u00edos europeos no son semitas, son descendientes de los j\u00e1zaros y, por lo tanto, la persecuci\u00f3n contra ellos no tiene nada que ver con el antisemitismo. Abbas agreg\u00f3 que Karl Marx confirm\u00f3 que as\u00ed es. A continuaci\u00f3n, Abbas afirm\u00f3 que Hitler y los europeos no mataron a los jud\u00edos &#8220;porque eran jud\u00edos&#8221;, sino que \u201clucharon\u201d contra los jud\u00edos por &#8220;su rol social y no por su religi\u00f3n&#8221;. Abbas explic\u00f3 que Hitler &#8220;luch\u00f3&#8221; contra los jud\u00edos porque se ocupaban de la usura y el dinero, no por antisemitismo.<\/em><br \/>\n<em>Mahmoud Abbas tambi\u00e9n declar\u00f3 que los jud\u00edos orientales efectivamente eran semitas, porque eran originarios de la Pen\u00ednsula Ar\u00e1biga y luego viajaron a Andaluc\u00eda. M\u00e1s adelante en su discurso, Abbas afirm\u00f3 que David Ben Guri\u00f3n no quiso que jud\u00edos de pa\u00edses \u00e1rabes emigraran a Israel, pero se vio obligado a aceptarlos a instancias de Churchill, porque no quedaban m\u00e1s jud\u00edos en Europa. Tambi\u00e9n dijo que Ben Guri\u00f3n llev\u00f3 a cabo ataques contra instituciones jud\u00edas en los pa\u00edses \u00e1rabes para empujarlos a emigrar. Abbas declar\u00f3: &#8220;los jud\u00edos no quer\u00edan emigrar, pero se vieron obligados a hacerlo mediante presi\u00f3n, coerci\u00f3n y asesinato&#8221;.<\/em><br \/>\n<em>El presidente palestino tambi\u00e9n se refiri\u00f3 a la Declaraci\u00f3n Balfour y dijo que Estados Unidos fue parte de dicha declaraci\u00f3n y que Israel fue inventado por &#8220;Gran Breta\u00f1a y Estados Unidos, no s\u00f3lo Gran Breta\u00f1a&#8221;. Abbas aclar\u00f3 que dice esto \u201cpara que sepamos a qui\u00e9n debemos acusar de ser nuestro enemigo&#8221;.<\/em><\/p>\n<p><strong>Mahmoud Abbas:<\/strong><\/p>\n<p>\u201cLa verdad que debemos aclarar al mundo es que los jud\u00edos europeos no son semitas. No tienen nada que ver con el semitismo.La historia comenz\u00f3 en el a\u00f1o 900 AC, en el Reino J\u00e1zaro en el Mar Caspio.<\/p>\n<p><img decoding=\"async\" class=\"alignnone  wp-image-2071\" src=\"https:\/\/www2.memri.org\/espanol\/tv\/wp-content\/uploads\/2023\/09\/10461-01-300x169.jpg\" alt=\"\" width=\"408\" height=\"230\" srcset=\"https:\/\/www2.memri.org\/espanol\/tv\/wp-content\/uploads\/2023\/09\/10461-01-300x169.jpg 300w, https:\/\/www2.memri.org\/espanol\/tv\/wp-content\/uploads\/2023\/09\/10461-01-1024x576.jpg 1024w, https:\/\/www2.memri.org\/espanol\/tv\/wp-content\/uploads\/2023\/09\/10461-01-768x432.jpg 768w, https:\/\/www2.memri.org\/espanol\/tv\/wp-content\/uploads\/2023\/09\/10461-01-150x84.jpg 150w, https:\/\/www2.memri.org\/espanol\/tv\/wp-content\/uploads\/2023\/09\/10461-01-696x392.jpg 696w, https:\/\/www2.memri.org\/espanol\/tv\/wp-content\/uploads\/2023\/09\/10461-01-1068x601.jpg 1068w, https:\/\/www2.memri.org\/espanol\/tv\/wp-content\/uploads\/2023\/09\/10461-01-747x420.jpg 747w, https:\/\/www2.memri.org\/espanol\/tv\/wp-content\/uploads\/2023\/09\/10461-01.jpg 1280w\" sizes=\"(max-width: 408px) 100vw, 408px\" \/><\/p>\n<p><img decoding=\"async\" class=\"alignnone  wp-image-2072\" src=\"https:\/\/www2.memri.org\/espanol\/tv\/wp-content\/uploads\/2023\/09\/10461-02-300x169.jpg\" alt=\"\" width=\"408\" height=\"230\" srcset=\"https:\/\/www2.memri.org\/espanol\/tv\/wp-content\/uploads\/2023\/09\/10461-02-300x169.jpg 300w, https:\/\/www2.memri.org\/espanol\/tv\/wp-content\/uploads\/2023\/09\/10461-02-1024x576.jpg 1024w, https:\/\/www2.memri.org\/espanol\/tv\/wp-content\/uploads\/2023\/09\/10461-02-768x432.jpg 768w, https:\/\/www2.memri.org\/espanol\/tv\/wp-content\/uploads\/2023\/09\/10461-02-150x84.jpg 150w, https:\/\/www2.memri.org\/espanol\/tv\/wp-content\/uploads\/2023\/09\/10461-02-696x392.jpg 696w, https:\/\/www2.memri.org\/espanol\/tv\/wp-content\/uploads\/2023\/09\/10461-02-1068x601.jpg 1068w, https:\/\/www2.memri.org\/espanol\/tv\/wp-content\/uploads\/2023\/09\/10461-02-747x420.jpg 747w, https:\/\/www2.memri.org\/espanol\/tv\/wp-content\/uploads\/2023\/09\/10461-02.jpg 1280w\" sizes=\"(max-width: 408px) 100vw, 408px\" \/><br \/>\nEra un reino t\u00e1rtaro que se convirti\u00f3 al juda\u00edsmo. [En el siglo XI], este imperio colaps\u00f3, y toda su poblaci\u00f3n se fue al norte y al oeste. Se fueron a Rusia y a Europa occidental y oriental. Se extendieron all\u00ed, y son los antepasados de los jud\u00edos asquenaz\u00edes.<br \/>\nEntonces, cuando los o\u00edmos hablar de semitismo y antisemitismo; los jud\u00edos asquenaz\u00edes, al menos, no son semitas\u201d.<\/p>\n<p><img decoding=\"async\" class=\"alignnone  wp-image-2072\" src=\"https:\/\/www2.memri.org\/espanol\/tv\/wp-content\/uploads\/2023\/09\/10461-02-300x169.jpg\" alt=\"\" width=\"408\" height=\"230\" srcset=\"https:\/\/www2.memri.org\/espanol\/tv\/wp-content\/uploads\/2023\/09\/10461-02-300x169.jpg 300w, https:\/\/www2.memri.org\/espanol\/tv\/wp-content\/uploads\/2023\/09\/10461-02-1024x576.jpg 1024w, https:\/\/www2.memri.org\/espanol\/tv\/wp-content\/uploads\/2023\/09\/10461-02-768x432.jpg 768w, https:\/\/www2.memri.org\/espanol\/tv\/wp-content\/uploads\/2023\/09\/10461-02-150x84.jpg 150w, https:\/\/www2.memri.org\/espanol\/tv\/wp-content\/uploads\/2023\/09\/10461-02-696x392.jpg 696w, https:\/\/www2.memri.org\/espanol\/tv\/wp-content\/uploads\/2023\/09\/10461-02-1068x601.jpg 1068w, https:\/\/www2.memri.org\/espanol\/tv\/wp-content\/uploads\/2023\/09\/10461-02-747x420.jpg 747w, https:\/\/www2.memri.org\/espanol\/tv\/wp-content\/uploads\/2023\/09\/10461-02.jpg 1280w\" sizes=\"(max-width: 408px) 100vw, 408px\" \/><\/p>\n<p>\u201cDicen que Hitler mat\u00f3 a los jud\u00edos por ser jud\u00edos, y que Europa odiaba a los jud\u00edos porque eran jud\u00edos. No es cierto. Se explic\u00f3 claramente que [los europeos] lucharon [contra los jud\u00edos] por su rol social, y no por su religi\u00f3n.<br \/>\nVarios autores escribieron sobre esto. Incluso Karl Marx dijo que esto no era cierto. \u00c9l dijo que la enemistad no estaba dirigida al juda\u00edsmo como religi\u00f3n, sino al juda\u00edsmo por su rol social.<\/p>\n<p><img decoding=\"async\" class=\"alignnone  wp-image-2073\" src=\"https:\/\/www2.memri.org\/espanol\/tv\/wp-content\/uploads\/2023\/09\/10461-03-300x169.jpg\" alt=\"\" width=\"408\" height=\"230\" srcset=\"https:\/\/www2.memri.org\/espanol\/tv\/wp-content\/uploads\/2023\/09\/10461-03-300x169.jpg 300w, https:\/\/www2.memri.org\/espanol\/tv\/wp-content\/uploads\/2023\/09\/10461-03-1024x576.jpg 1024w, https:\/\/www2.memri.org\/espanol\/tv\/wp-content\/uploads\/2023\/09\/10461-03-768x432.jpg 768w, https:\/\/www2.memri.org\/espanol\/tv\/wp-content\/uploads\/2023\/09\/10461-03-150x84.jpg 150w, https:\/\/www2.memri.org\/espanol\/tv\/wp-content\/uploads\/2023\/09\/10461-03-696x392.jpg 696w, https:\/\/www2.memri.org\/espanol\/tv\/wp-content\/uploads\/2023\/09\/10461-03-1068x601.jpg 1068w, https:\/\/www2.memri.org\/espanol\/tv\/wp-content\/uploads\/2023\/09\/10461-03-747x420.jpg 747w, https:\/\/www2.memri.org\/espanol\/tv\/wp-content\/uploads\/2023\/09\/10461-03.jpg 1280w\" sizes=\"(max-width: 408px) 100vw, 408px\" \/><\/p>\n<p><img decoding=\"async\" class=\"alignnone  wp-image-2074\" src=\"https:\/\/www2.memri.org\/espanol\/tv\/wp-content\/uploads\/2023\/09\/10461-04-300x169.jpg\" alt=\"\" width=\"408\" height=\"230\" srcset=\"https:\/\/www2.memri.org\/espanol\/tv\/wp-content\/uploads\/2023\/09\/10461-04-300x169.jpg 300w, https:\/\/www2.memri.org\/espanol\/tv\/wp-content\/uploads\/2023\/09\/10461-04-1024x576.jpg 1024w, https:\/\/www2.memri.org\/espanol\/tv\/wp-content\/uploads\/2023\/09\/10461-04-768x432.jpg 768w, https:\/\/www2.memri.org\/espanol\/tv\/wp-content\/uploads\/2023\/09\/10461-04-150x84.jpg 150w, https:\/\/www2.memri.org\/espanol\/tv\/wp-content\/uploads\/2023\/09\/10461-04-696x392.jpg 696w, https:\/\/www2.memri.org\/espanol\/tv\/wp-content\/uploads\/2023\/09\/10461-04-1068x601.jpg 1068w, https:\/\/www2.memri.org\/espanol\/tv\/wp-content\/uploads\/2023\/09\/10461-04-747x420.jpg 747w, https:\/\/www2.memri.org\/espanol\/tv\/wp-content\/uploads\/2023\/09\/10461-04.jpg 1280w\" sizes=\"(max-width: 408px) 100vw, 408px\" \/><\/p>\n<p>Los [europeos] lucharon contra estas personas debido a su rol en la sociedad, que ten\u00eda que ver con usura, dinero, etc., etc. Incluso Hitler&#8230;<br \/>\nTodo el mundo sabe que, durante la Primera Guerra Mundial, Hitler era sargento. \u00c9l dijo que luchaba contra los jud\u00edos porque lidiaban con la usura y el dinero. En su opini\u00f3n, se dedicaban al sabotaje, y por eso los odiaba.<br \/>\nS\u00f3lo queremos aclarar este punto, no se trataba de semitismo y antisemitismo\u201d.<\/p>\n<p><img decoding=\"async\" class=\"alignnone  wp-image-2075\" src=\"https:\/\/www2.memri.org\/espanol\/tv\/wp-content\/uploads\/2023\/09\/10461-05-300x169.jpg\" alt=\"\" width=\"408\" height=\"230\" srcset=\"https:\/\/www2.memri.org\/espanol\/tv\/wp-content\/uploads\/2023\/09\/10461-05-300x169.jpg 300w, https:\/\/www2.memri.org\/espanol\/tv\/wp-content\/uploads\/2023\/09\/10461-05-1024x576.jpg 1024w, https:\/\/www2.memri.org\/espanol\/tv\/wp-content\/uploads\/2023\/09\/10461-05-768x432.jpg 768w, https:\/\/www2.memri.org\/espanol\/tv\/wp-content\/uploads\/2023\/09\/10461-05-150x84.jpg 150w, https:\/\/www2.memri.org\/espanol\/tv\/wp-content\/uploads\/2023\/09\/10461-05-696x392.jpg 696w, https:\/\/www2.memri.org\/espanol\/tv\/wp-content\/uploads\/2023\/09\/10461-05-1068x601.jpg 1068w, https:\/\/www2.memri.org\/espanol\/tv\/wp-content\/uploads\/2023\/09\/10461-05-747x420.jpg 747w, https:\/\/www2.memri.org\/espanol\/tv\/wp-content\/uploads\/2023\/09\/10461-05.jpg 1280w\" sizes=\"(max-width: 408px) 100vw, 408px\" \/><\/p>\n<p><img decoding=\"async\" class=\"alignnone  wp-image-2078\" src=\"https:\/\/www2.memri.org\/espanol\/tv\/wp-content\/uploads\/2023\/09\/10461-06-300x169.jpg\" alt=\"\" width=\"408\" height=\"230\" srcset=\"https:\/\/www2.memri.org\/espanol\/tv\/wp-content\/uploads\/2023\/09\/10461-06-300x169.jpg 300w, https:\/\/www2.memri.org\/espanol\/tv\/wp-content\/uploads\/2023\/09\/10461-06-1024x576.jpg 1024w, https:\/\/www2.memri.org\/espanol\/tv\/wp-content\/uploads\/2023\/09\/10461-06-768x432.jpg 768w, https:\/\/www2.memri.org\/espanol\/tv\/wp-content\/uploads\/2023\/09\/10461-06-150x84.jpg 150w, https:\/\/www2.memri.org\/espanol\/tv\/wp-content\/uploads\/2023\/09\/10461-06-696x392.jpg 696w, https:\/\/www2.memri.org\/espanol\/tv\/wp-content\/uploads\/2023\/09\/10461-06-1068x601.jpg 1068w, https:\/\/www2.memri.org\/espanol\/tv\/wp-content\/uploads\/2023\/09\/10461-06-747x420.jpg 747w, https:\/\/www2.memri.org\/espanol\/tv\/wp-content\/uploads\/2023\/09\/10461-06.jpg 1280w\" sizes=\"(max-width: 408px) 100vw, 408px\" \/><\/p>\n<p><img decoding=\"async\" class=\"alignnone  wp-image-2080\" src=\"https:\/\/www2.memri.org\/espanol\/tv\/wp-content\/uploads\/2023\/09\/10461-08-300x169.jpg\" alt=\"\" width=\"408\" height=\"230\" srcset=\"https:\/\/www2.memri.org\/espanol\/tv\/wp-content\/uploads\/2023\/09\/10461-08-300x169.jpg 300w, https:\/\/www2.memri.org\/espanol\/tv\/wp-content\/uploads\/2023\/09\/10461-08-1024x576.jpg 1024w, https:\/\/www2.memri.org\/espanol\/tv\/wp-content\/uploads\/2023\/09\/10461-08-768x432.jpg 768w, https:\/\/www2.memri.org\/espanol\/tv\/wp-content\/uploads\/2023\/09\/10461-08-150x84.jpg 150w, https:\/\/www2.memri.org\/espanol\/tv\/wp-content\/uploads\/2023\/09\/10461-08-696x392.jpg 696w, https:\/\/www2.memri.org\/espanol\/tv\/wp-content\/uploads\/2023\/09\/10461-08-1068x601.jpg 1068w, https:\/\/www2.memri.org\/espanol\/tv\/wp-content\/uploads\/2023\/09\/10461-08-747x420.jpg 747w, https:\/\/www2.memri.org\/espanol\/tv\/wp-content\/uploads\/2023\/09\/10461-08.jpg 1280w\" sizes=\"(max-width: 408px) 100vw, 408px\" \/><\/p>\n<p>\u201cEn cuanto a los jud\u00edos orientales, ellos son semitas, porque todos ellos son originarios de la Pen\u00ednsula Ar\u00e1biga y viajaron a Al-\u00c1ndalus y luego regresaron. Estamos familiarizados con esta historia. La Declaraci\u00f3n Balfour vio la luz s\u00f3lo gracias al total acuerdo entre Balfour y el presidente estadounidense Wilson.<br \/>\nEstaban totalmente de acuerdo sobre esta redacci\u00f3n. As\u00ed que Estados Unidos fue parte de la Declaraci\u00f3n Balfour. \u00bfQui\u00e9n invent\u00f3 ese Estado [jud\u00edo]? Fueron Gran Breta\u00f1a y EE.UU., no s\u00f3lo Gran Breta\u00f1a.<\/p>\n<p><img decoding=\"async\" class=\"alignnone  wp-image-2081\" src=\"https:\/\/www2.memri.org\/espanol\/tv\/wp-content\/uploads\/2023\/09\/10461-09-300x169.jpg\" alt=\"\" width=\"408\" height=\"230\" srcset=\"https:\/\/www2.memri.org\/espanol\/tv\/wp-content\/uploads\/2023\/09\/10461-09-300x169.jpg 300w, https:\/\/www2.memri.org\/espanol\/tv\/wp-content\/uploads\/2023\/09\/10461-09-1024x576.jpg 1024w, https:\/\/www2.memri.org\/espanol\/tv\/wp-content\/uploads\/2023\/09\/10461-09-768x432.jpg 768w, https:\/\/www2.memri.org\/espanol\/tv\/wp-content\/uploads\/2023\/09\/10461-09-150x84.jpg 150w, https:\/\/www2.memri.org\/espanol\/tv\/wp-content\/uploads\/2023\/09\/10461-09-696x392.jpg 696w, https:\/\/www2.memri.org\/espanol\/tv\/wp-content\/uploads\/2023\/09\/10461-09-1068x601.jpg 1068w, https:\/\/www2.memri.org\/espanol\/tv\/wp-content\/uploads\/2023\/09\/10461-09-747x420.jpg 747w, https:\/\/www2.memri.org\/espanol\/tv\/wp-content\/uploads\/2023\/09\/10461-09.jpg 1280w\" sizes=\"(max-width: 408px) 100vw, 408px\" \/><\/p>\n<p><img decoding=\"async\" class=\"alignnone  wp-image-2082\" src=\"https:\/\/www2.memri.org\/espanol\/tv\/wp-content\/uploads\/2023\/09\/10461-10-300x169.jpg\" alt=\"\" width=\"408\" height=\"230\" srcset=\"https:\/\/www2.memri.org\/espanol\/tv\/wp-content\/uploads\/2023\/09\/10461-10-300x169.jpg 300w, https:\/\/www2.memri.org\/espanol\/tv\/wp-content\/uploads\/2023\/09\/10461-10-1024x576.jpg 1024w, https:\/\/www2.memri.org\/espanol\/tv\/wp-content\/uploads\/2023\/09\/10461-10-768x432.jpg 768w, https:\/\/www2.memri.org\/espanol\/tv\/wp-content\/uploads\/2023\/09\/10461-10-150x84.jpg 150w, https:\/\/www2.memri.org\/espanol\/tv\/wp-content\/uploads\/2023\/09\/10461-10-696x392.jpg 696w, https:\/\/www2.memri.org\/espanol\/tv\/wp-content\/uploads\/2023\/09\/10461-10-1068x601.jpg 1068w, https:\/\/www2.memri.org\/espanol\/tv\/wp-content\/uploads\/2023\/09\/10461-10-747x420.jpg 747w, https:\/\/www2.memri.org\/espanol\/tv\/wp-content\/uploads\/2023\/09\/10461-10.jpg 1280w\" sizes=\"(max-width: 408px) 100vw, 408px\" \/><\/p>\n<p>Estados Unidos, que ni siquiera era miembro de la Sociedad de Naciones, oblig\u00f3 a la Sociedad de Naciones a incluir la Declaraci\u00f3n Balfour en su pacto.<br \/>\nLo digo para que sepamos a qui\u00e9n debemos acusar de ser nuestro enemigo, qui\u00e9n nos perjudic\u00f3 y nos quit\u00f3 nuestra patria y se la dio a los israel\u00edes o a los jud\u00edos\u201d.<\/p>\n<p><img decoding=\"async\" class=\"alignnone  wp-image-2084\" src=\"https:\/\/www2.memri.org\/espanol\/tv\/wp-content\/uploads\/2023\/09\/10461-11-300x169.jpg\" alt=\"\" width=\"408\" height=\"230\" srcset=\"https:\/\/www2.memri.org\/espanol\/tv\/wp-content\/uploads\/2023\/09\/10461-11-300x169.jpg 300w, https:\/\/www2.memri.org\/espanol\/tv\/wp-content\/uploads\/2023\/09\/10461-11-1024x576.jpg 1024w, https:\/\/www2.memri.org\/espanol\/tv\/wp-content\/uploads\/2023\/09\/10461-11-768x432.jpg 768w, https:\/\/www2.memri.org\/espanol\/tv\/wp-content\/uploads\/2023\/09\/10461-11-150x84.jpg 150w, https:\/\/www2.memri.org\/espanol\/tv\/wp-content\/uploads\/2023\/09\/10461-11-696x392.jpg 696w, https:\/\/www2.memri.org\/espanol\/tv\/wp-content\/uploads\/2023\/09\/10461-11-1068x601.jpg 1068w, https:\/\/www2.memri.org\/espanol\/tv\/wp-content\/uploads\/2023\/09\/10461-11-747x420.jpg 747w, https:\/\/www2.memri.org\/espanol\/tv\/wp-content\/uploads\/2023\/09\/10461-11.jpg 1280w\" sizes=\"(max-width: 408px) 100vw, 408px\" \/><\/p>\n<p>\u201cEn 1948, la poblaci\u00f3n de Israel era de 650.000 personas. En 1948-1949, ocuparon el 78% de Palestina. \u00a0650.000 personas no eran suficientes, por lo que Ben-Guri\u00f3n se quej\u00f3 a los brit\u00e1nicos, a su amigo Churchill.<\/p>\n<p><img decoding=\"async\" class=\"alignnone  wp-image-2085\" src=\"https:\/\/www2.memri.org\/espanol\/tv\/wp-content\/uploads\/2023\/09\/10461-12-300x169.jpg\" alt=\"\" width=\"408\" height=\"230\" srcset=\"https:\/\/www2.memri.org\/espanol\/tv\/wp-content\/uploads\/2023\/09\/10461-12-300x169.jpg 300w, https:\/\/www2.memri.org\/espanol\/tv\/wp-content\/uploads\/2023\/09\/10461-12-1024x576.jpg 1024w, https:\/\/www2.memri.org\/espanol\/tv\/wp-content\/uploads\/2023\/09\/10461-12-768x432.jpg 768w, https:\/\/www2.memri.org\/espanol\/tv\/wp-content\/uploads\/2023\/09\/10461-12-150x84.jpg 150w, https:\/\/www2.memri.org\/espanol\/tv\/wp-content\/uploads\/2023\/09\/10461-12-696x392.jpg 696w, https:\/\/www2.memri.org\/espanol\/tv\/wp-content\/uploads\/2023\/09\/10461-12-1068x601.jpg 1068w, https:\/\/www2.memri.org\/espanol\/tv\/wp-content\/uploads\/2023\/09\/10461-12-747x420.jpg 747w, https:\/\/www2.memri.org\/espanol\/tv\/wp-content\/uploads\/2023\/09\/10461-12.jpg 1280w\" sizes=\"(max-width: 408px) 100vw, 408px\" \/><\/p>\n<p><img decoding=\"async\" class=\"alignnone  wp-image-2086\" src=\"https:\/\/www2.memri.org\/espanol\/tv\/wp-content\/uploads\/2023\/09\/10461-13-300x169.jpg\" alt=\"\" width=\"408\" height=\"230\" srcset=\"https:\/\/www2.memri.org\/espanol\/tv\/wp-content\/uploads\/2023\/09\/10461-13-300x169.jpg 300w, https:\/\/www2.memri.org\/espanol\/tv\/wp-content\/uploads\/2023\/09\/10461-13-1024x576.jpg 1024w, https:\/\/www2.memri.org\/espanol\/tv\/wp-content\/uploads\/2023\/09\/10461-13-768x432.jpg 768w, https:\/\/www2.memri.org\/espanol\/tv\/wp-content\/uploads\/2023\/09\/10461-13-150x84.jpg 150w, https:\/\/www2.memri.org\/espanol\/tv\/wp-content\/uploads\/2023\/09\/10461-13-696x392.jpg 696w, https:\/\/www2.memri.org\/espanol\/tv\/wp-content\/uploads\/2023\/09\/10461-13-1068x601.jpg 1068w, https:\/\/www2.memri.org\/espanol\/tv\/wp-content\/uploads\/2023\/09\/10461-13-747x420.jpg 747w, https:\/\/www2.memri.org\/espanol\/tv\/wp-content\/uploads\/2023\/09\/10461-13.jpg 1280w\" sizes=\"(max-width: 408px) 100vw, 408px\" \/><\/p>\n<p><img decoding=\"async\" class=\"alignnone  wp-image-2087\" src=\"https:\/\/www2.memri.org\/espanol\/tv\/wp-content\/uploads\/2023\/09\/10461-14-300x169.jpg\" alt=\"\" width=\"408\" height=\"230\" srcset=\"https:\/\/www2.memri.org\/espanol\/tv\/wp-content\/uploads\/2023\/09\/10461-14-300x169.jpg 300w, https:\/\/www2.memri.org\/espanol\/tv\/wp-content\/uploads\/2023\/09\/10461-14-1024x576.jpg 1024w, https:\/\/www2.memri.org\/espanol\/tv\/wp-content\/uploads\/2023\/09\/10461-14-768x432.jpg 768w, https:\/\/www2.memri.org\/espanol\/tv\/wp-content\/uploads\/2023\/09\/10461-14-150x84.jpg 150w, https:\/\/www2.memri.org\/espanol\/tv\/wp-content\/uploads\/2023\/09\/10461-14-696x392.jpg 696w, https:\/\/www2.memri.org\/espanol\/tv\/wp-content\/uploads\/2023\/09\/10461-14-1068x601.jpg 1068w, https:\/\/www2.memri.org\/espanol\/tv\/wp-content\/uploads\/2023\/09\/10461-14-747x420.jpg 747w, https:\/\/www2.memri.org\/espanol\/tv\/wp-content\/uploads\/2023\/09\/10461-14.jpg 1280w\" sizes=\"(max-width: 408px) 100vw, 408px\" \/><\/p>\n<p><img decoding=\"async\" class=\"alignnone  wp-image-2088\" src=\"https:\/\/www2.memri.org\/espanol\/tv\/wp-content\/uploads\/2023\/09\/10461-15-300x169.jpg\" alt=\"\" width=\"408\" height=\"230\" srcset=\"https:\/\/www2.memri.org\/espanol\/tv\/wp-content\/uploads\/2023\/09\/10461-15-300x169.jpg 300w, https:\/\/www2.memri.org\/espanol\/tv\/wp-content\/uploads\/2023\/09\/10461-15-1024x576.jpg 1024w, https:\/\/www2.memri.org\/espanol\/tv\/wp-content\/uploads\/2023\/09\/10461-15-768x432.jpg 768w, https:\/\/www2.memri.org\/espanol\/tv\/wp-content\/uploads\/2023\/09\/10461-15-150x84.jpg 150w, https:\/\/www2.memri.org\/espanol\/tv\/wp-content\/uploads\/2023\/09\/10461-15-696x392.jpg 696w, https:\/\/www2.memri.org\/espanol\/tv\/wp-content\/uploads\/2023\/09\/10461-15-1068x601.jpg 1068w, https:\/\/www2.memri.org\/espanol\/tv\/wp-content\/uploads\/2023\/09\/10461-15-747x420.jpg 747w, https:\/\/www2.memri.org\/espanol\/tv\/wp-content\/uploads\/2023\/09\/10461-15.jpg 1280w\" sizes=\"(max-width: 408px) 100vw, 408px\" \/><\/p>\n<p>\u00c9l dijo: &#8216;Hombre, &#8220;Tengo un problema. Tr\u00e1eme jud\u00edos de Europa. Me falta gente. Tengo esta vasta tierra, pero no tengo poblaci\u00f3n. [Churchill] dijo: &#8216;No puedo conseguirte jud\u00edos europeos.<br \/>\nDespu\u00e9s de la Guerra Mundial, emigraron a diferentes lugares, o se establecieron [en Europa], o fueron asesinados. Los \u00fanicos que puedo conseguirte son jud\u00edos de los pa\u00edses \u00e1rabes.<br \/>\nBen-Guri\u00f3n dijo: &#8220;\u00a1Dios no lo quiera! Por favor, no quiero a los jud\u00edos de los pa\u00edses \u00e1rabes&#8221;.<br \/>\n[Ben-Guri\u00f3n] dijo: &#8216;Hermano, esos jud\u00edos de los pa\u00edses \u00e1rabes son como los \u00e1rabes. Se ven \u00e1rabes. Tienen la misma cultura, la misma comida. No los quiero&#8217;. Pero [Churchill] dijo: &#8220;Haz lo que quieras. No hay otra soluci\u00f3n&#8221;.<br \/>\nBen-Guri\u00f3n no s\u00f3lo estuvo de acuerdo, sino que envi\u00f3 a su gente a Irak, a matar, destruir y colocar explosivos en las sinagogas, para forzar a los jud\u00edos iraqu\u00edes a emigrar.<br \/>\nEsto tambi\u00e9n sucedi\u00f3 en Egipto en 1956, el Caso Lavon, y luego en Marruecos y otros pa\u00edses. Los jud\u00edos no quer\u00edan emigrar, pero se vieron forzados a hacerlo mediante presi\u00f3n, coerci\u00f3n y asesinato\u201d.<\/p>\n<p><img decoding=\"async\" class=\"alignnone  wp-image-2094\" src=\"https:\/\/www2.memri.org\/espanol\/tv\/wp-content\/uploads\/2023\/09\/10461-18-300x169.jpg\" alt=\"\" width=\"408\" height=\"230\" srcset=\"https:\/\/www2.memri.org\/espanol\/tv\/wp-content\/uploads\/2023\/09\/10461-18-300x169.jpg 300w, https:\/\/www2.memri.org\/espanol\/tv\/wp-content\/uploads\/2023\/09\/10461-18-1024x576.jpg 1024w, https:\/\/www2.memri.org\/espanol\/tv\/wp-content\/uploads\/2023\/09\/10461-18-768x432.jpg 768w, https:\/\/www2.memri.org\/espanol\/tv\/wp-content\/uploads\/2023\/09\/10461-18-150x84.jpg 150w, https:\/\/www2.memri.org\/espanol\/tv\/wp-content\/uploads\/2023\/09\/10461-18-696x392.jpg 696w, https:\/\/www2.memri.org\/espanol\/tv\/wp-content\/uploads\/2023\/09\/10461-18-1068x601.jpg 1068w, https:\/\/www2.memri.org\/espanol\/tv\/wp-content\/uploads\/2023\/09\/10461-18-747x420.jpg 747w, https:\/\/www2.memri.org\/espanol\/tv\/wp-content\/uploads\/2023\/09\/10461-18.jpg 1280w\" sizes=\"(max-width: 408px) 100vw, 408px\" \/><\/p>\n<p><img decoding=\"async\" class=\"alignnone  wp-image-2093\" src=\"https:\/\/www2.memri.org\/espanol\/tv\/wp-content\/uploads\/2023\/09\/10461-19-300x169.jpg\" alt=\"\" width=\"408\" height=\"230\" srcset=\"https:\/\/www2.memri.org\/espanol\/tv\/wp-content\/uploads\/2023\/09\/10461-19-300x169.jpg 300w, https:\/\/www2.memri.org\/espanol\/tv\/wp-content\/uploads\/2023\/09\/10461-19-1024x576.jpg 1024w, https:\/\/www2.memri.org\/espanol\/tv\/wp-content\/uploads\/2023\/09\/10461-19-768x432.jpg 768w, https:\/\/www2.memri.org\/espanol\/tv\/wp-content\/uploads\/2023\/09\/10461-19-150x84.jpg 150w, https:\/\/www2.memri.org\/espanol\/tv\/wp-content\/uploads\/2023\/09\/10461-19-696x392.jpg 696w, https:\/\/www2.memri.org\/espanol\/tv\/wp-content\/uploads\/2023\/09\/10461-19-1068x601.jpg 1068w, https:\/\/www2.memri.org\/espanol\/tv\/wp-content\/uploads\/2023\/09\/10461-19-747x420.jpg 747w, https:\/\/www2.memri.org\/espanol\/tv\/wp-content\/uploads\/2023\/09\/10461-19.jpg 1280w\" sizes=\"(max-width: 408px) 100vw, 408px\" \/><\/p>\n<p><img decoding=\"async\" class=\"alignnone  wp-image-2091\" src=\"https:\/\/www2.memri.org\/espanol\/tv\/wp-content\/uploads\/2023\/09\/10461-22-300x169.jpg\" alt=\"\" width=\"408\" height=\"230\" srcset=\"https:\/\/www2.memri.org\/espanol\/tv\/wp-content\/uploads\/2023\/09\/10461-22-300x169.jpg 300w, https:\/\/www2.memri.org\/espanol\/tv\/wp-content\/uploads\/2023\/09\/10461-22-1024x576.jpg 1024w, https:\/\/www2.memri.org\/espanol\/tv\/wp-content\/uploads\/2023\/09\/10461-22-768x432.jpg 768w, https:\/\/www2.memri.org\/espanol\/tv\/wp-content\/uploads\/2023\/09\/10461-22-150x84.jpg 150w, https:\/\/www2.memri.org\/espanol\/tv\/wp-content\/uploads\/2023\/09\/10461-22-696x392.jpg 696w, https:\/\/www2.memri.org\/espanol\/tv\/wp-content\/uploads\/2023\/09\/10461-22-1068x601.jpg 1068w, https:\/\/www2.memri.org\/espanol\/tv\/wp-content\/uploads\/2023\/09\/10461-22-747x420.jpg 747w, https:\/\/www2.memri.org\/espanol\/tv\/wp-content\/uploads\/2023\/09\/10461-22.jpg 1280w\" sizes=\"(max-width: 408px) 100vw, 408px\" \/><\/p>\n<p><img decoding=\"async\" class=\"alignnone  wp-image-2092\" src=\"https:\/\/www2.memri.org\/espanol\/tv\/wp-content\/uploads\/2023\/09\/10461-23-300x169.jpg\" alt=\"\" width=\"408\" height=\"230\" srcset=\"https:\/\/www2.memri.org\/espanol\/tv\/wp-content\/uploads\/2023\/09\/10461-23-300x169.jpg 300w, https:\/\/www2.memri.org\/espanol\/tv\/wp-content\/uploads\/2023\/09\/10461-23-1024x576.jpg 1024w, https:\/\/www2.memri.org\/espanol\/tv\/wp-content\/uploads\/2023\/09\/10461-23-768x432.jpg 768w, https:\/\/www2.memri.org\/espanol\/tv\/wp-content\/uploads\/2023\/09\/10461-23-150x84.jpg 150w, https:\/\/www2.memri.org\/espanol\/tv\/wp-content\/uploads\/2023\/09\/10461-23-696x392.jpg 696w, https:\/\/www2.memri.org\/espanol\/tv\/wp-content\/uploads\/2023\/09\/10461-23-1068x601.jpg 1068w, https:\/\/www2.memri.org\/espanol\/tv\/wp-content\/uploads\/2023\/09\/10461-23-747x420.jpg 747w, https:\/\/www2.memri.org\/espanol\/tv\/wp-content\/uploads\/2023\/09\/10461-23.jpg 1280w\" sizes=\"(max-width: 408px) 100vw, 408px\" \/><\/p>\n","protected":false},"excerpt":{"rendered":"<p>[videopack id=&#8221;2096&#8243;]<\/p>\n<p><em>El presidente de la Autoridad Palestina, Mahmoud Abbas se refiri\u00f3 al antisemitismo en un discurso pronunciado en la 11\u00aa sesi\u00f3n del Consejo Revolucionario de Fatah, el 24 de agosto de 2023. En la ocasi\u00f3n, Abbas sostuvo que la &#8220;verdad&#8221; es que los jud\u00edos europeos no son semitas, son descendientes de los j\u00e1zaros y, por lo tanto, la persecuci\u00f3n contra ellos no tiene nada que ver con el antisemitismo. Abbas agreg\u00f3 que Karl Marx confirm\u00f3 que as\u00ed es. A continuaci\u00f3n, Abbas afirm\u00f3 que Hitler y los europeos no mataron a los jud\u00edos &#8220;porque eran jud\u00edos&#8221;, sino que \u201clucharon\u201d contra los jud\u00edos por &#8220;su rol social y no por su religi\u00f3n&#8221;. Abbas explic\u00f3 que Hitler &#8220;luch\u00f3&#8221; contra los jud\u00edos porque se ocupaban de la usura y el dinero, no por antisemitismo.<\/em><br \/>\n<em>Mahmoud Abbas tambi\u00e9n declar\u00f3 que los jud\u00edos orientales efectivamente eran semitas, porque eran originarios de la Pen\u00ednsula Ar\u00e1biga y luego viajaron a Andaluc\u00eda. M\u00e1s adelante en su discurso, Abbas afirm\u00f3 que David Ben Guri\u00f3n no quiso que jud\u00edos de pa\u00edses \u00e1rabes emigraran a Israel, pero se vio obligado a aceptarlos a instancias de Churchill, porque no quedaban m\u00e1s jud\u00edos en Europa. Tambi\u00e9n dijo que Ben Guri\u00f3n llev\u00f3 a cabo ataques contra instituciones jud\u00edas en los pa\u00edses \u00e1rabes para empujarlos a emigrar. Abbas declar\u00f3: &#8220;los jud\u00edos no quer\u00edan emigrar, pero se vieron obligados a hacerlo mediante presi\u00f3n, coerci\u00f3n y asesinato&#8221;.<\/em><br \/>\n<em>El presidente palestino tambi\u00e9n se refiri\u00f3 a la Declaraci\u00f3n Balfour y dijo que Estados Unidos fue parte de dicha declaraci\u00f3n y que Israel fue inventado por &#8220;Gran Breta\u00f1a y Estados Unidos, no s\u00f3lo Gran Breta\u00f1a&#8221;. Abbas aclar\u00f3 que dice esto \u201cpara que sepamos a qui\u00e9n debemos acusar de ser nuestro enemigo&#8221;.<\/em><\/p>\n<p><strong>Mahmoud Abbas:<\/strong><\/p>\n<p>\u201cLa verdad que debemos aclarar al mundo es que los jud\u00edos europeos no son semitas. No tienen nada que ver con el semitismo.La historia comenz\u00f3 en el a\u00f1o 900 AC, en el Reino J\u00e1zaro en el Mar Caspio.<\/p>\n<p><img decoding=\"async\" class=\"alignnone  wp-image-2071\" src=\" alt=\"\" width=\"408\" height=\"230\" \/><\/p>\n<p><img decoding=\"async\" class=\"alignnone  wp-image-2072\" src=\" alt=\"\" width=\"408\" height=\"230\" \/><br \/>\nEra un reino t\u00e1rtaro que se convirti\u00f3 al juda\u00edsmo. [En el siglo XI], este imperio colaps\u00f3, y toda su poblaci\u00f3n se fue al norte y al oeste. Se fueron a Rusia y a Europa occidental y oriental. Se extendieron all\u00ed, y son los antepasados de los jud\u00edos asquenaz\u00edes.<br \/>\nEntonces, cuando los o\u00edmos hablar de semitismo y antisemitismo; los jud\u00edos asquenaz\u00edes, al menos, no son semitas\u201d.<\/p>\n<p><img decoding=\"async\" class=\"alignnone  wp-image-2072\" src=\" alt=\"\" width=\"408\" height=\"230\" \/><\/p>\n<p>\u201cDicen que Hitler mat\u00f3 a los jud\u00edos por ser jud\u00edos, y que Europa odiaba a los jud\u00edos porque eran jud\u00edos. No es cierto. Se explic\u00f3 claramente que [los europeos] lucharon [contra los jud\u00edos] por su rol social, y no por su religi\u00f3n.<br \/>\nVarios autores escribieron sobre esto. Incluso Karl Marx dijo que esto no era cierto. \u00c9l dijo que la enemistad no estaba dirigida al juda\u00edsmo como religi\u00f3n, sino al juda\u00edsmo por su rol social.<\/p>\n<p><img decoding=\"async\" class=\"alignnone  wp-image-2073\" src=\" alt=\"\" width=\"408\" height=\"230\" \/><\/p>\n<p><img decoding=\"async\" class=\"alignnone  wp-image-2074\" src=\" alt=\"\" width=\"408\" height=\"230\" \/><\/p>\n<p>Los [europeos] lucharon contra estas personas debido a su rol en la sociedad, que ten\u00eda que ver con usura, dinero, etc., etc. Incluso Hitler&#8230;<br \/>\nTodo el mundo sabe que, durante la Primera Guerra Mundial, Hitler era sargento. \u00c9l dijo que luchaba contra los jud\u00edos porque lidiaban con la usura y el dinero. En su opini\u00f3n, se dedicaban al sabotaje, y por eso los odiaba.<br \/>\nS\u00f3lo queremos aclarar este punto, no se trataba de semitismo y antisemitismo\u201d.<\/p>\n<p><img decoding=\"async\" class=\"alignnone  wp-image-2075\" src=\" alt=\"\" width=\"408\" height=\"230\" \/><\/p>\n<p><img decoding=\"async\" class=\"alignnone  wp-image-2078\" src=\" alt=\"\" width=\"408\" height=\"230\" \/><\/p>\n<p><img decoding=\"async\" class=\"alignnone  wp-image-2080\" src=\" alt=\"\" width=\"408\" height=\"230\" \/><\/p>\n<p>\u201cEn cuanto a los jud\u00edos orientales, ellos son semitas, porque todos ellos son originarios de la Pen\u00ednsula Ar\u00e1biga y viajaron a Al-\u00c1ndalus y luego regresaron. Estamos familiarizados con esta historia. La Declaraci\u00f3n Balfour vio la luz s\u00f3lo gracias al total acuerdo entre Balfour y el presidente estadounidense Wilson.<br \/>\nEstaban totalmente de acuerdo sobre esta redacci\u00f3n. As\u00ed que Estados Unidos fue parte de la Declaraci\u00f3n Balfour. \u00bfQui\u00e9n invent\u00f3 ese Estado [jud\u00edo]? Fueron Gran Breta\u00f1a y EE.UU., no s\u00f3lo Gran Breta\u00f1a.<\/p>\n<p><img decoding=\"async\" class=\"alignnone  wp-image-2081\" src=\" alt=\"\" width=\"408\" height=\"230\" \/><\/p>\n<p><img decoding=\"async\" class=\"alignnone  wp-image-2082\" src=\" alt=\"\" width=\"408\" height=\"230\" \/><\/p>\n<p>Estados Unidos, que ni siquiera era miembro de la Sociedad de Naciones, oblig\u00f3 a la Sociedad de Naciones a incluir la Declaraci\u00f3n Balfour en su pacto.<br \/>\nLo digo para que sepamos a qui\u00e9n debemos acusar de ser nuestro enemigo, qui\u00e9n nos perjudic\u00f3 y nos quit\u00f3 nuestra patria y se la dio a los israel\u00edes o a los jud\u00edos\u201d.<\/p>\n<p><img decoding=\"async\" class=\"alignnone  wp-image-2084\" src=\" alt=\"\" width=\"408\" height=\"230\" \/><\/p>\n<p>\u201cEn 1948, la poblaci\u00f3n de Israel era de 650.000 personas. En 1948-1949, ocuparon el 78% de Palestina. \u00a0650.000 personas no eran suficientes, por lo que Ben-Guri\u00f3n se quej\u00f3 a los brit\u00e1nicos, a su amigo Churchill.<\/p>\n<p><img decoding=\"async\" class=\"alignnone  wp-image-2085\" src=\" alt=\"\" width=\"408\" height=\"230\" \/><\/p>\n<p><img decoding=\"async\" class=\"alignnone  wp-image-2086\" src=\" alt=\"\" width=\"408\" height=\"230\" \/><\/p>\n<p><img decoding=\"async\" class=\"alignnone  wp-image-2087\" src=\" alt=\"\" width=\"408\" height=\"230\" \/><\/p>\n<p><img decoding=\"async\" class=\"alignnone  wp-image-2088\" src=\" alt=\"\" width=\"408\" height=\"230\" \/><\/p>\n<p>\u00c9l dijo: &#8216;Hombre, &#8220;Tengo un problema. Tr\u00e1eme jud\u00edos de Europa. Me falta gente. Tengo esta vasta tierra, pero no tengo poblaci\u00f3n. [Churchill] dijo: &#8216;No puedo conseguirte jud\u00edos europeos.<br \/>\nDespu\u00e9s de la Guerra Mundial, emigraron a diferentes lugares, o se establecieron [en Europa], o fueron asesinados. Los \u00fanicos que puedo conseguirte son jud\u00edos de los pa\u00edses \u00e1rabes.<br \/>\nBen-Guri\u00f3n dijo: &#8220;\u00a1Dios no lo quiera! Por favor, no quiero a los jud\u00edos de los pa\u00edses \u00e1rabes&#8221;.<br \/>\n[Ben-Guri\u00f3n] dijo: &#8216;Hermano, esos jud\u00edos de los pa\u00edses \u00e1rabes son como los \u00e1rabes. Se ven \u00e1rabes. Tienen la misma cultura, la misma comida. No los quiero&#8217;. Pero [Churchill] dijo: &#8220;Haz lo que quieras. No hay otra soluci\u00f3n&#8221;.<br \/>\nBen-Guri\u00f3n no s\u00f3lo estuvo de acuerdo, sino que envi\u00f3 a su gente a Irak, a matar, destruir y colocar explosivos en las sinagogas, para forzar a los jud\u00edos iraqu\u00edes a emigrar.<br \/>\nEsto tambi\u00e9n sucedi\u00f3 en Egipto en 1956, el Caso Lavon, y luego en Marruecos y otros pa\u00edses. Los jud\u00edos no quer\u00edan emigrar, pero se vieron forzados a hacerlo mediante presi\u00f3n, coerci\u00f3n y asesinato\u201d.<\/p>\n<p><img decoding=\"async\" class=\"alignnone  wp-image-2094\" src=\" alt=\"\" width=\"408\" height=\"230\" \/><\/p>\n<p><img decoding=\"async\" class=\"alignnone  wp-image-2093\" src=\" alt=\"\" width=\"408\" height=\"230\" \/><\/p>\n<p><img decoding=\"async\" class=\"alignnone  wp-image-2091\" src=\" alt=\"\" width=\"408\" height=\"230\" \/><\/p>\n<p><img decoding=\"async\" class=\"alignnone  wp-image-2092\" src=\" alt=\"\" width=\"408\" height=\"230\" \/><\/p>\n","protected":false},"author":3,"featured_media":2070,"comment_status":"open","ping_status":"open","sticky":false,"template":"","format":"video","meta":{"footnotes":""},"categories":[2,5,19],"tags":[],"class_list":["post-2069","post","type-post","status-publish","format-video","has-post-thumbnail","hentry","category-featured","category-paises","category-palestina","post_format-post-format-video"],"_links":{"self":[{"href":"https:\/\/www2.memri.org\/espanol\/tv\/wp-json\/wp\/v2\/posts\/2069","targetHints":{"allow":["GET"]}}],"collection":[{"href":"https:\/\/www2.memri.org\/espanol\/tv\/wp-json\/wp\/v2\/posts"}],"about":[{"href":"https:\/\/www2.memri.org\/espanol\/tv\/wp-json\/wp\/v2\/types\/post"}],"author":[{"embeddable":true,"href":"https:\/\/www2.memri.org\/espanol\/tv\/wp-json\/wp\/v2\/users\/3"}],"replies":[{"embeddable":true,"href":"https:\/\/www2.memri.org\/espanol\/tv\/wp-json\/wp\/v2\/comments?post=2069"}],"version-history":[{"count":0,"href":"https:\/\/www2.memri.org\/espanol\/tv\/wp-json\/wp\/v2\/posts\/2069\/revisions"}],"wp:featuredmedia":[{"embeddable":true,"href":"https:\/\/www2.memri.org\/espanol\/tv\/wp-json\/wp\/v2\/media\/2070"}],"wp:attachment":[{"href":"https:\/\/www2.memri.org\/espanol\/tv\/wp-json\/wp\/v2\/media?parent=2069"}],"wp:term":[{"taxonomy":"category","embeddable":true,"href":"https:\/\/www2.memri.org\/espanol\/tv\/wp-json\/wp\/v2\/categories?post=2069"},{"taxonomy":"post_tag","embeddable":true,"href":"https:\/\/www2.memri.org\/espanol\/tv\/wp-json\/wp\/v2\/tags?post=2069"}],"curies":[{"name":"wp","href":"https:\/\/api.w.org\/{rel}","templated":true}]}}