{"id":2063,"date":"2023-09-05T11:38:24","date_gmt":"2023-09-05T08:38:24","guid":{"rendered":"https:\/\/www2.memri.org\/espanol\/tv\/?p=2063"},"modified":"2023-09-05T11:38:24","modified_gmt":"2023-09-05T08:38:24","slug":"activista-afgana-por-los-derechos-de-la-mujer-zainab-hakimi-los-taliban-le-niegan-a-las-mujeres-sus-derechos-humanos-basicos-a-las-mujeres-no-se-les-permite-ir-a-la-escuela-ni-a-la-univers","status":"publish","type":"post","link":"https:\/\/www2.memri.org\/espanol\/tv\/2023\/09\/05\/activista-afgana-por-los-derechos-de-la-mujer-zainab-hakimi-los-taliban-le-niegan-a-las-mujeres-sus-derechos-humanos-basicos-a-las-mujeres-no-se-les-permite-ir-a-la-escuela-ni-a-la-univers\/","title":{"rendered":"Activista afgana por los derechos de la mujer Zainab Hakimi: \u201cLos talib\u00e1n le niegan a las mujeres sus derechos humanos b\u00e1sicos; A las mujeres no se les permite ir a la escuela, ni a la universidad, ni a eventos p\u00fablicos ni trabajar en un sal\u00f3n de belleza\u201d"},"content":{"rendered":"<p>[videopack id=&#8221;2065&#8243;]https:\/\/www2.memri.org\/espanol\/tv\/wp-content\/uploads\/2023\/09\/10455.ESP-mp4.mp4[\/videopack]<\/p>\n<p><em>La activista afgana por los derechos de la mujer, Zainab Hakimi, particip\u00f3 en un programa presentado el 15 de agosto de 2023 en la Red Al-Arabiya (Arabia Saudita). En la ocasi\u00f3n, Hakimi sostuvo que el gobierno talib\u00e1n le niega a la mujer sus derechos humanos b\u00e1sicos tales como la educaci\u00f3n, el trabajo, acceso a los espacios p\u00fablicos y a la pol\u00edtica. Zainab Hakimi dijo que a las mujeres incluso se les proh\u00edbe trabajar en tiendas exclusivas para mujeres, tales como salones de belleza. Adem\u00e1s, la activista se\u00f1al\u00f3 que entre las mujeres afganas prevalece una atm\u00f3sfera de desesperanza, presi\u00f3n mental y falta de fe en el gobierno. <\/em><\/p>\n","protected":false},"excerpt":{"rendered":"<p>[videopack id=&#8221;2065&#8243;]<\/p>\n<p><em>La activista afgana por los derechos de la mujer, Zainab Hakimi, particip\u00f3 en un programa presentado el 15 de agosto de 2023 en la Red Al-Arabiya (Arabia Saudita). En la ocasi\u00f3n, Hakimi sostuvo que el gobierno talib\u00e1n le niega a la mujer sus derechos humanos b\u00e1sicos tales como la educaci\u00f3n, el trabajo, acceso a los espacios p\u00fablicos y a la pol\u00edtica. Zainab Hakimi dijo que a las mujeres incluso se les proh\u00edbe trabajar en tiendas exclusivas para mujeres, tales como salones de belleza. Adem\u00e1s, la activista se\u00f1al\u00f3 que entre las mujeres afganas prevalece una atm\u00f3sfera de desesperanza, presi\u00f3n mental y falta de fe en el gobierno. <\/em><\/p>\n","protected":false},"author":3,"featured_media":2064,"comment_status":"open","ping_status":"open","sticky":false,"template":"","format":"video","meta":{"footnotes":""},"categories":[6,2,5],"tags":[],"class_list":["post-2063","post","type-post","status-publish","format-video","has-post-thumbnail","hentry","category-afganistan","category-featured","category-paises","post_format-post-format-video"],"_links":{"self":[{"href":"https:\/\/www2.memri.org\/espanol\/tv\/wp-json\/wp\/v2\/posts\/2063","targetHints":{"allow":["GET"]}}],"collection":[{"href":"https:\/\/www2.memri.org\/espanol\/tv\/wp-json\/wp\/v2\/posts"}],"about":[{"href":"https:\/\/www2.memri.org\/espanol\/tv\/wp-json\/wp\/v2\/types\/post"}],"author":[{"embeddable":true,"href":"https:\/\/www2.memri.org\/espanol\/tv\/wp-json\/wp\/v2\/users\/3"}],"replies":[{"embeddable":true,"href":"https:\/\/www2.memri.org\/espanol\/tv\/wp-json\/wp\/v2\/comments?post=2063"}],"version-history":[{"count":0,"href":"https:\/\/www2.memri.org\/espanol\/tv\/wp-json\/wp\/v2\/posts\/2063\/revisions"}],"wp:featuredmedia":[{"embeddable":true,"href":"https:\/\/www2.memri.org\/espanol\/tv\/wp-json\/wp\/v2\/media\/2064"}],"wp:attachment":[{"href":"https:\/\/www2.memri.org\/espanol\/tv\/wp-json\/wp\/v2\/media?parent=2063"}],"wp:term":[{"taxonomy":"category","embeddable":true,"href":"https:\/\/www2.memri.org\/espanol\/tv\/wp-json\/wp\/v2\/categories?post=2063"},{"taxonomy":"post_tag","embeddable":true,"href":"https:\/\/www2.memri.org\/espanol\/tv\/wp-json\/wp\/v2\/tags?post=2063"}],"curies":[{"name":"wp","href":"https:\/\/api.w.org\/{rel}","templated":true}]}}