{"id":206,"date":"2022-10-17T16:19:57","date_gmt":"2022-10-17T20:19:57","guid":{"rendered":"https:\/\/www2.memri.org\/espanol\/tv\/?p=206"},"modified":"2023-02-02T16:24:26","modified_gmt":"2023-02-02T20:24:26","slug":"presidente-del-parlamento-jordano-abdul-karim-deghmi-la-mayoria-de-los-jordanos-rechazan-la-normalizacion-con-israel-a-pesar-del-acuerdo-de-paz-los-arabes-no-confian-en-israel","status":"publish","type":"post","link":"https:\/\/www2.memri.org\/espanol\/tv\/2022\/10\/17\/presidente-del-parlamento-jordano-abdul-karim-deghmi-la-mayoria-de-los-jordanos-rechazan-la-normalizacion-con-israel-a-pesar-del-acuerdo-de-paz-los-arabes-no-confian-en-israel\/","title":{"rendered":"Presidente del parlamento jordano, Abdul Karim Deghmi: \u201cLa mayor\u00eda de los jordanos rechazan la normalizaci\u00f3n con Israel, a pesar del acuerdo de paz; Los \u00e1rabes no conf\u00edan en Israel\u201d"},"content":{"rendered":"<p>[videopack id=&#8221;207&#8243;]https:\/\/www2.memri.org\/espanol\/tv\/wp-content\/uploads\/2023\/02\/9887-subtitulado.mp4[\/videopack]<\/p>\n<p><em>El presidente del parlamento jordano, Abdul Karim Deghmi, dijo el 17 de octubre de 2022 en una entrevista en Russia Today TV, que la mayor\u00eda de los jordanos, as\u00ed como otros \u00e1rabes, rechazan la normalizaci\u00f3n con Israel a pesar del acuerdo de paz y las relaciones entre los pa\u00edses. <\/em><\/p>\n<p><em>Deghmi manifest\u00f3 que esto se debe a que el pueblo jordano cree que no se puede confiar en que Israel cumpla con sus acuerdos. El funcionario agreg\u00f3 que una soluci\u00f3n de dos estados ser\u00eda buena porque se corresponde con las resoluciones de la ONU, sin embargo, &#8220;est\u00e1 claro&#8221; que los israel\u00edes no quieren dar a los palestinos un estado. <\/em><\/p>\n<p><em>Cabe se\u00f1alar que en mayo de 2021, Deghmi dijo que \u201cuna guerra popular es la \u00fanica forma de liberar Palestina\u201d y sugiri\u00f3 que Jordania proporcione combatientes y armas a los palestinos. <\/em><\/p>\n<p><strong>Abdul Karim Deghmi: <\/strong><\/p>\n<p>Dondequiera que vaya Su Alteza Real \u2013 y \u00e9l mantiene buenos lazos con Occidente y [el resto del] mundo &#8211;\u00a0 \u00e9l lucha por la soluci\u00f3n de dos Estados, acordada hace m\u00e1s de 30 a\u00f1os: un Estado palestino con Jerusal\u00e9n como su capital, y el Estado de Israel. Quiz\u00e1s en el fondo de nuestro coraz\u00f3n como ciudadanos, no aceptamos la existencia del Estado de Israel y no lo reconocemos, pero como una soluci\u00f3n que se corresponde con las resoluciones de la ONU, ser\u00eda bueno si sucediera.<\/p>\n<p>-Entrevistador: Vemos sesiones del Parlamento jordano que a veces degeneran en reyertas, cuando el tema en cuesti\u00f3n tiene que ver con Israel. \u00bfSeguir\u00e1n las cosas as\u00ed?<\/p>\n<p>&#8211; La normalizaci\u00f3n [con Israel]&#8230; A nivel oficial, existe el acuerdo [de paz], pero a nivel popular&#8230; La mayor\u00eda de los jordanos rechazan esta normalizaci\u00f3n, porque estamos tratando con personas en las que no podemos confiar en que vayan a cumplir las promesas y los acuerdos.<\/p>\n<p>El acuerdo con los palestinos sobre la soluci\u00f3n de dos estados&#8230; Est\u00e1 claro que no quieren dar un estado a los palestinos. Est\u00e1 claro que rechazan la soluci\u00f3n de dos estados. Por lo tanto, todos los \u00e1rabes, no solo los jordanos, no conf\u00edan en ellos.<\/p>\n","protected":false},"excerpt":{"rendered":"<p>[videopack id=&#8221;207&#8243;]<\/p>\n<p><em>El presidente del parlamento jordano, Abdul Karim Deghmi, dijo el 17 de octubre de 2022 en una entrevista en Russia Today TV, que la mayor\u00eda de los jordanos, as\u00ed como otros \u00e1rabes, rechazan la normalizaci\u00f3n con Israel a pesar del acuerdo de paz y las relaciones entre los pa\u00edses. <\/em><\/p>\n<p><em>Deghmi manifest\u00f3 que esto se debe a que el pueblo jordano cree que no se puede confiar en que Israel cumpla con sus acuerdos. El funcionario agreg\u00f3 que una soluci\u00f3n de dos estados ser\u00eda buena porque se corresponde con las resoluciones de la ONU, sin embargo, &#8220;est\u00e1 claro&#8221; que los israel\u00edes no quieren dar a los palestinos un estado. <\/em><\/p>\n<p><em>Cabe se\u00f1alar que en mayo de 2021, Deghmi dijo que \u201cuna guerra popular es la \u00fanica forma de liberar Palestina\u201d y sugiri\u00f3 que Jordania proporcione combatientes y armas a los palestinos. <\/em><\/p>\n<p><strong>Abdul Karim Deghmi: <\/strong><\/p>\n<p>Dondequiera que vaya Su Alteza Real \u2013 y \u00e9l mantiene buenos lazos con Occidente y [el resto del] mundo &#8211;\u00a0 \u00e9l lucha por la soluci\u00f3n de dos Estados, acordada hace m\u00e1s de 30 a\u00f1os: un Estado palestino con Jerusal\u00e9n como su capital, y el Estado de Israel. Quiz\u00e1s en el fondo de nuestro coraz\u00f3n como ciudadanos, no aceptamos la existencia del Estado de Israel y no lo reconocemos, pero como una soluci\u00f3n que se corresponde con las resoluciones de la ONU, ser\u00eda bueno si sucediera.<\/p>\n<p>-Entrevistador: Vemos sesiones del Parlamento jordano que a veces degeneran en reyertas, cuando el tema en cuesti\u00f3n tiene que ver con Israel. \u00bfSeguir\u00e1n las cosas as\u00ed?<\/p>\n<p>&#8211; La normalizaci\u00f3n [con Israel]&#8230; A nivel oficial, existe el acuerdo [de paz], pero a nivel popular&#8230; La mayor\u00eda de los jordanos rechazan esta normalizaci\u00f3n, porque estamos tratando con personas en las que no podemos confiar en que vayan a cumplir las promesas y los acuerdos.<\/p>\n<p>El acuerdo con los palestinos sobre la soluci\u00f3n de dos estados&#8230; Est\u00e1 claro que no quieren dar un estado a los palestinos. Est\u00e1 claro que rechazan la soluci\u00f3n de dos estados. Por lo tanto, todos los \u00e1rabes, no solo los jordanos, no conf\u00edan en ellos.<\/p>\n","protected":false},"author":3,"featured_media":208,"comment_status":"open","ping_status":"open","sticky":false,"template":"","format":"video","meta":{"footnotes":""},"categories":[23,17,5,89,228,142],"tags":[],"class_list":["post-206","post","type-post","status-publish","format-video","has-post-thumbnail","hentry","category-intelectuales-o-politicos","category-jordania","category-paises","category-presidente-del-parlamento-jordano-abdul-karim-deghmi","category-rechazo-a-la-normalizacion-con-israel","category-temas","post_format-post-format-video"],"_links":{"self":[{"href":"https:\/\/www2.memri.org\/espanol\/tv\/wp-json\/wp\/v2\/posts\/206","targetHints":{"allow":["GET"]}}],"collection":[{"href":"https:\/\/www2.memri.org\/espanol\/tv\/wp-json\/wp\/v2\/posts"}],"about":[{"href":"https:\/\/www2.memri.org\/espanol\/tv\/wp-json\/wp\/v2\/types\/post"}],"author":[{"embeddable":true,"href":"https:\/\/www2.memri.org\/espanol\/tv\/wp-json\/wp\/v2\/users\/3"}],"replies":[{"embeddable":true,"href":"https:\/\/www2.memri.org\/espanol\/tv\/wp-json\/wp\/v2\/comments?post=206"}],"version-history":[{"count":0,"href":"https:\/\/www2.memri.org\/espanol\/tv\/wp-json\/wp\/v2\/posts\/206\/revisions"}],"wp:featuredmedia":[{"embeddable":true,"href":"https:\/\/www2.memri.org\/espanol\/tv\/wp-json\/wp\/v2\/media\/208"}],"wp:attachment":[{"href":"https:\/\/www2.memri.org\/espanol\/tv\/wp-json\/wp\/v2\/media?parent=206"}],"wp:term":[{"taxonomy":"category","embeddable":true,"href":"https:\/\/www2.memri.org\/espanol\/tv\/wp-json\/wp\/v2\/categories?post=206"},{"taxonomy":"post_tag","embeddable":true,"href":"https:\/\/www2.memri.org\/espanol\/tv\/wp-json\/wp\/v2\/tags?post=206"}],"curies":[{"name":"wp","href":"https:\/\/api.w.org\/{rel}","templated":true}]}}