{"id":2008,"date":"2023-08-15T18:04:42","date_gmt":"2023-08-15T15:04:42","guid":{"rendered":"https:\/\/www2.memri.org\/espanol\/tv\/?p=2008"},"modified":"2023-08-15T18:04:42","modified_gmt":"2023-08-15T15:04:42","slug":"iman-chiita-de-buenos-aires-abdul-karim-paz-sucesor-del-senalado-autor-intelectual-del-atentado-con-bomba-contra-la-amia-de-1994-iran-no-tuvo-absolutamente-nada-que-ver-con-el-ataque","status":"publish","type":"post","link":"https:\/\/www2.memri.org\/espanol\/tv\/2023\/08\/15\/iman-chiita-de-buenos-aires-abdul-karim-paz-sucesor-del-senalado-autor-intelectual-del-atentado-con-bomba-contra-la-amia-de-1994-iran-no-tuvo-absolutamente-nada-que-ver-con-el-ataque\/","title":{"rendered":"Im\u00e1n chi\u00edta de Buenos Aires, Abdul Karim Paz, sucesor del se\u00f1alado autor intelectual del atentado con bomba contra la AMIA de 1994: \u201cIr\u00e1n no tuvo absolutamente nada que ver con el ataque\u201d"},"content":{"rendered":"<p>[videopack id=&#8221;2010&#8243;]https:\/\/www2.memri.org\/espanol\/tv\/wp-content\/uploads\/2023\/08\/10429-ESP-mp4.mp4[\/videopack]<\/p>\n<p>El 19 de julio de 2023, HispanTV, el canal de televisi\u00f3n en espa\u00f1ol de Ir\u00e1n, transmiti\u00f3 una entrevista con Abdul Karim Paz, uno de los eruditos isl\u00e1micos chi\u00edtas m\u00e1s destacados de Argentina y director de la Mezquita At-Tauhid.<br \/>\nLa entrevista trataba sobre el atentado con bomba contra la AMIA en Buenos Aires en 1994, que se cobr\u00f3 85 vidas. Durante la entrevista, Paz dijo que Ir\u00e1n no tuvo absolutamente nada que ver con los ataques y que todos los reclamos en su contra han sido \u201cmanipulados\u201d.<br \/>\nKarim Paz se\u00f1al\u00f3 que incluso algunos periodistas, investigadores, estadounidenses e israel\u00edes han dicho que Ir\u00e1n no tiene nada que ver con lo sucedido.<br \/>\nCabe destacar que el antecesor de Paz como director de la Mezquita At-Tauhid, Mohsen Rabbani, fue se\u00f1alado como autor intelectual del atentado contra la AMIA.<\/p>\n","protected":false},"excerpt":{"rendered":"<p>[videopack id=&#8221;2010&#8243;]<\/p>\n<p>El 19 de julio de 2023, HispanTV, el canal de televisi\u00f3n en espa\u00f1ol de Ir\u00e1n, transmiti\u00f3 una entrevista con Abdul Karim Paz, uno de los eruditos isl\u00e1micos chi\u00edtas m\u00e1s destacados de Argentina y director de la Mezquita At-Tauhid.<br \/>\nLa entrevista trataba sobre el atentado con bomba contra la AMIA en Buenos Aires en 1994, que se cobr\u00f3 85 vidas. Durante la entrevista, Paz dijo que Ir\u00e1n no tuvo absolutamente nada que ver con los ataques y que todos los reclamos en su contra han sido \u201cmanipulados\u201d.<br \/>\nKarim Paz se\u00f1al\u00f3 que incluso algunos periodistas, investigadores, estadounidenses e israel\u00edes han dicho que Ir\u00e1n no tiene nada que ver con lo sucedido.<br \/>\nCabe destacar que el antecesor de Paz como director de la Mezquita At-Tauhid, Mohsen Rabbani, fue se\u00f1alado como autor intelectual del atentado contra la AMIA.<\/p>\n","protected":false},"author":3,"featured_media":2009,"comment_status":"open","ping_status":"open","sticky":false,"template":"","format":"video","meta":{"footnotes":""},"categories":[604,2,15],"tags":[],"class_list":["post-2008","post","type-post","status-publish","format-video","has-post-thumbnail","hentry","category-argentina","category-featured","category-iran","post_format-post-format-video"],"_links":{"self":[{"href":"https:\/\/www2.memri.org\/espanol\/tv\/wp-json\/wp\/v2\/posts\/2008","targetHints":{"allow":["GET"]}}],"collection":[{"href":"https:\/\/www2.memri.org\/espanol\/tv\/wp-json\/wp\/v2\/posts"}],"about":[{"href":"https:\/\/www2.memri.org\/espanol\/tv\/wp-json\/wp\/v2\/types\/post"}],"author":[{"embeddable":true,"href":"https:\/\/www2.memri.org\/espanol\/tv\/wp-json\/wp\/v2\/users\/3"}],"replies":[{"embeddable":true,"href":"https:\/\/www2.memri.org\/espanol\/tv\/wp-json\/wp\/v2\/comments?post=2008"}],"version-history":[{"count":0,"href":"https:\/\/www2.memri.org\/espanol\/tv\/wp-json\/wp\/v2\/posts\/2008\/revisions"}],"wp:featuredmedia":[{"embeddable":true,"href":"https:\/\/www2.memri.org\/espanol\/tv\/wp-json\/wp\/v2\/media\/2009"}],"wp:attachment":[{"href":"https:\/\/www2.memri.org\/espanol\/tv\/wp-json\/wp\/v2\/media?parent=2008"}],"wp:term":[{"taxonomy":"category","embeddable":true,"href":"https:\/\/www2.memri.org\/espanol\/tv\/wp-json\/wp\/v2\/categories?post=2008"},{"taxonomy":"post_tag","embeddable":true,"href":"https:\/\/www2.memri.org\/espanol\/tv\/wp-json\/wp\/v2\/tags?post=2008"}],"curies":[{"name":"wp","href":"https:\/\/api.w.org\/{rel}","templated":true}]}}