{"id":200,"date":"2022-10-16T16:08:34","date_gmt":"2022-10-16T20:08:34","guid":{"rendered":"https:\/\/www2.memri.org\/espanol\/tv\/?p=200"},"modified":"2023-02-02T16:14:16","modified_gmt":"2023-02-02T20:14:16","slug":"primer-ministro-palestino-mohammad-shtayyeh-la-ocupacion-usa-sangre-palestina-para-financiar-su-campana-electoral-nuestra-sangre-no-es-barata-pero-es-un-pequeno-precio-a-pagar-por-nuestra","status":"publish","type":"post","link":"https:\/\/www2.memri.org\/espanol\/tv\/2022\/10\/16\/primer-ministro-palestino-mohammad-shtayyeh-la-ocupacion-usa-sangre-palestina-para-financiar-su-campana-electoral-nuestra-sangre-no-es-barata-pero-es-un-pequeno-precio-a-pagar-por-nuestra\/","title":{"rendered":"Primer Ministro palestino Mohammad Shtayyeh: \u201cLa ocupaci\u00f3n usa sangre palestina para financiar su campa\u00f1a electoral; Nuestra sangre no es barata, pero es un peque\u00f1o precio a pagar por nuestra patria\u201d"},"content":{"rendered":"<p>[videopack id=&#8221;201&#8243;]https:\/\/www2.memri.org\/espanol\/tv\/wp-content\/uploads\/2023\/02\/9885-subtitulado.mp4[\/videopack]<\/p>\n<p><em>El 16 de octubre de 2022, el primer ministro de la Autoridad Palestina, Mohammad Shtayyeh, visit\u00f3 a las familias de los terroristas palestinos del campo de refugiados de Jen\u00edn que resultaron muertos recientemente en enfrentamientos con las fuerzas israel\u00edes. <\/em><\/p>\n<p><em>Dirigi\u00e9ndose a la multitud, Shtayyeh sostuvo que la &#8220;ocupaci\u00f3n&#8221; israel\u00ed no quiere la paz y que utiliza sangre palestina para &#8220;financiar&#8221; su actual campa\u00f1a electoral. <\/em><\/p>\n<p><em>Tambi\u00e9n dijo que la sangre palestina no es despreciable, pero que las vidas palestinas son un peque\u00f1o precio a pagar por su patria.<\/em><\/p>\n<p><em>Asimismo, el mandatario invoc\u00f3 la historia b\u00edblica de Sans\u00f3n, el h\u00e9roe israelita que prendi\u00f3 fuego a los campos de trigo de los filisteos, y dijo: &#8220;Sans\u00f3n se fue, pero el trigo de Palestina [y] nuestra tierra [est\u00e1n] todav\u00eda aqu\u00ed&#8221;. <\/em><\/p>\n<p><em>Adem\u00e1s, prometi\u00f3 permanecer leal a los m\u00e1rtires palestinos y a la promesa de Yasser Arafat de liberar Palestina &#8220;les guste o no [a los israel\u00edes]&#8221;. <\/em><\/p>\n<p><em>El evento en el que habl\u00f3 el Primer Ministro Shtayye fue transmitido por la televisi\u00f3n palestina y cont\u00f3 con la presencia del gobernador de Jen\u00edn, Akram Al-Rajoub, junto a combatientes enmascarados de las Brigadas de los M\u00e1rtires de Al-Aqsa. Tambi\u00e9n estaba presente Fathi Hazem, el padre de Raad Hazem, un terrorista palestino que mat\u00f3 a tres personas en un atentado con disparos en Tel Aviv, Israel.<\/em><\/p>\n<p><strong>Mohammad Shtayyeh<\/strong>: &#8220;Sabemos muy bien que esta ocupaci\u00f3n no quiere la paz. Todos los d\u00edas, la ocupaci\u00f3n usa sangre palestina para financiar su campa\u00f1a electoral. La sangre palestina no es barata y no debe usarse para financiar la campa\u00f1a electoral de la ocupaci\u00f3n.<\/p>\n<p>Sin embargo, nuestras vidas se convierten en un precio barato a pagar cuando est\u00e1 en juego nuestra patria. Sabemos muy bien que tener patria no puede lograrse sin pagar un precio.<\/p>\n<p>[&#8230;]<\/p>\n<p>Les decimos a mis hermanos, a los familiares de los m\u00e1rtires y a los hermanos aqu\u00ed presentes: permaneceremos fieles a nuestra promesa. Esta es la promesa de Palestina. Es la promesa de poner fin a la ocupaci\u00f3n. Es la promesa de establecer un estado palestino independiente. Es la promesa de los prisioneros.<\/p>\n<p>Es la promesa a trav\u00e9s de la cual ejerceremos el derecho al retorno, si no ma\u00f1ana, entonces pasado ma\u00f1ana. La br\u00fajula de la lucha palestina apuntar\u00e1 siempre en una sola direcci\u00f3n: Jerusal\u00e9n, la capital de nuestro estado palestino. Como sol\u00eda decir nuestro m\u00e1rtir Abu Ammar [Yasser Arafat]: &#8216;Les guste o no&#8217;. Nos mantenemos fieles a la promesa de los m\u00e1rtires.<\/p>\n<p>[&#8230;]<\/p>\n<p>&#8220;[El personaje b\u00edblico] Sans\u00f3n prendi\u00f3 fuego a las colas de los lobos [sic] y los solt\u00f3 en los campos de los cananeos, para quemar nuestro trigo. Sans\u00f3n se fue, pero el trigo de Palestina todav\u00eda est\u00e1 aqu\u00ed.<\/p>\n<p>Sans\u00f3n se fue, pero nuestra tierra est\u00e1 todav\u00eda aqu\u00ed. La ocupaci\u00f3n tambi\u00e9n desaparecer\u00e1, y nuestra tierra permanecer\u00e1. La ocupaci\u00f3n finalizar\u00e1, y nuestros lugares sagrados quedar\u00e1n. Clamaremos por las madres de los m\u00e1rtires, tal como ellos clamaron por los m\u00e1rtires&#8221;.<\/p>\n","protected":false},"excerpt":{"rendered":"<p>[videopack id=&#8221;201&#8243;]<\/p>\n<p><em>El 16 de octubre de 2022, el primer ministro de la Autoridad Palestina, Mohammad Shtayyeh, visit\u00f3 a las familias de los terroristas palestinos del campo de refugiados de Jen\u00edn que resultaron muertos recientemente en enfrentamientos con las fuerzas israel\u00edes. <\/em><\/p>\n<p><em>Dirigi\u00e9ndose a la multitud, Shtayyeh sostuvo que la &#8220;ocupaci\u00f3n&#8221; israel\u00ed no quiere la paz y que utiliza sangre palestina para &#8220;financiar&#8221; su actual campa\u00f1a electoral. <\/em><\/p>\n<p><em>Tambi\u00e9n dijo que la sangre palestina no es despreciable, pero que las vidas palestinas son un peque\u00f1o precio a pagar por su patria.<\/em><\/p>\n<p><em>Asimismo, el mandatario invoc\u00f3 la historia b\u00edblica de Sans\u00f3n, el h\u00e9roe israelita que prendi\u00f3 fuego a los campos de trigo de los filisteos, y dijo: &#8220;Sans\u00f3n se fue, pero el trigo de Palestina [y] nuestra tierra [est\u00e1n] todav\u00eda aqu\u00ed&#8221;. <\/em><\/p>\n<p><em>Adem\u00e1s, prometi\u00f3 permanecer leal a los m\u00e1rtires palestinos y a la promesa de Yasser Arafat de liberar Palestina &#8220;les guste o no [a los israel\u00edes]&#8221;. <\/em><\/p>\n<p><em>El evento en el que habl\u00f3 el Primer Ministro Shtayye fue transmitido por la televisi\u00f3n palestina y cont\u00f3 con la presencia del gobernador de Jen\u00edn, Akram Al-Rajoub, junto a combatientes enmascarados de las Brigadas de los M\u00e1rtires de Al-Aqsa. Tambi\u00e9n estaba presente Fathi Hazem, el padre de Raad Hazem, un terrorista palestino que mat\u00f3 a tres personas en un atentado con disparos en Tel Aviv, Israel.<\/em><\/p>\n<p><strong>Mohammad Shtayyeh<\/strong>: &#8220;Sabemos muy bien que esta ocupaci\u00f3n no quiere la paz. Todos los d\u00edas, la ocupaci\u00f3n usa sangre palestina para financiar su campa\u00f1a electoral. La sangre palestina no es barata y no debe usarse para financiar la campa\u00f1a electoral de la ocupaci\u00f3n.<\/p>\n<p>Sin embargo, nuestras vidas se convierten en un precio barato a pagar cuando est\u00e1 en juego nuestra patria. Sabemos muy bien que tener patria no puede lograrse sin pagar un precio.<\/p>\n<p>[&#8230;]<\/p>\n<p>Les decimos a mis hermanos, a los familiares de los m\u00e1rtires y a los hermanos aqu\u00ed presentes: permaneceremos fieles a nuestra promesa. Esta es la promesa de Palestina. Es la promesa de poner fin a la ocupaci\u00f3n. Es la promesa de establecer un estado palestino independiente. Es la promesa de los prisioneros.<\/p>\n<p>Es la promesa a trav\u00e9s de la cual ejerceremos el derecho al retorno, si no ma\u00f1ana, entonces pasado ma\u00f1ana. La br\u00fajula de la lucha palestina apuntar\u00e1 siempre en una sola direcci\u00f3n: Jerusal\u00e9n, la capital de nuestro estado palestino. Como sol\u00eda decir nuestro m\u00e1rtir Abu Ammar [Yasser Arafat]: &#8216;Les guste o no&#8217;. Nos mantenemos fieles a la promesa de los m\u00e1rtires.<\/p>\n<p>[&#8230;]<\/p>\n<p>&#8220;[El personaje b\u00edblico] Sans\u00f3n prendi\u00f3 fuego a las colas de los lobos [sic] y los solt\u00f3 en los campos de los cananeos, para quemar nuestro trigo. Sans\u00f3n se fue, pero el trigo de Palestina todav\u00eda est\u00e1 aqu\u00ed.<\/p>\n<p>Sans\u00f3n se fue, pero nuestra tierra est\u00e1 todav\u00eda aqu\u00ed. La ocupaci\u00f3n tambi\u00e9n desaparecer\u00e1, y nuestra tierra permanecer\u00e1. La ocupaci\u00f3n finalizar\u00e1, y nuestros lugares sagrados quedar\u00e1n. Clamaremos por las madres de los m\u00e1rtires, tal como ellos clamaron por los m\u00e1rtires&#8221;.<\/p>\n","protected":false},"author":3,"featured_media":202,"comment_status":"open","ping_status":"open","sticky":false,"template":"","format":"video","meta":{"footnotes":""},"categories":[9,23,205,5,91,142],"tags":[],"class_list":["post-200","post","type-post","status-publish","format-video","has-post-thumbnail","hentry","category-autoridad-palestina","category-intelectuales-o-politicos","category-israel-usa-sangre-palestina-en-su-campana-electoral","category-paises","category-primer-ministro-palestino-mohammad-shtayyeh","category-temas","post_format-post-format-video"],"_links":{"self":[{"href":"https:\/\/www2.memri.org\/espanol\/tv\/wp-json\/wp\/v2\/posts\/200","targetHints":{"allow":["GET"]}}],"collection":[{"href":"https:\/\/www2.memri.org\/espanol\/tv\/wp-json\/wp\/v2\/posts"}],"about":[{"href":"https:\/\/www2.memri.org\/espanol\/tv\/wp-json\/wp\/v2\/types\/post"}],"author":[{"embeddable":true,"href":"https:\/\/www2.memri.org\/espanol\/tv\/wp-json\/wp\/v2\/users\/3"}],"replies":[{"embeddable":true,"href":"https:\/\/www2.memri.org\/espanol\/tv\/wp-json\/wp\/v2\/comments?post=200"}],"version-history":[{"count":0,"href":"https:\/\/www2.memri.org\/espanol\/tv\/wp-json\/wp\/v2\/posts\/200\/revisions"}],"wp:featuredmedia":[{"embeddable":true,"href":"https:\/\/www2.memri.org\/espanol\/tv\/wp-json\/wp\/v2\/media\/202"}],"wp:attachment":[{"href":"https:\/\/www2.memri.org\/espanol\/tv\/wp-json\/wp\/v2\/media?parent=200"}],"wp:term":[{"taxonomy":"category","embeddable":true,"href":"https:\/\/www2.memri.org\/espanol\/tv\/wp-json\/wp\/v2\/categories?post=200"},{"taxonomy":"post_tag","embeddable":true,"href":"https:\/\/www2.memri.org\/espanol\/tv\/wp-json\/wp\/v2\/tags?post=200"}],"curies":[{"name":"wp","href":"https:\/\/api.w.org\/{rel}","templated":true}]}}