{"id":1993,"date":"2023-08-15T16:24:37","date_gmt":"2023-08-15T13:24:37","guid":{"rendered":"https:\/\/www2.memri.org\/espanol\/tv\/?p=1993"},"modified":"2023-08-16T10:22:11","modified_gmt":"2023-08-16T07:22:11","slug":"agregado-cultural-de-iran-en-el-libano-komeil-bagheri-visita-tumba-de-mustafa-mazeh-muerto-en-un-intento-fallido-para-asesinar-a-salman-rushdie-en-1989-mazeh-es-un-modelo-a-seguir-para-toda","status":"publish","type":"post","link":"https:\/\/www2.memri.org\/espanol\/tv\/2023\/08\/15\/agregado-cultural-de-iran-en-el-libano-komeil-bagheri-visita-tumba-de-mustafa-mazeh-muerto-en-un-intento-fallido-para-asesinar-a-salman-rushdie-en-1989-mazeh-es-un-modelo-a-seguir-para-toda\/","title":{"rendered":"Agregado cultural de Ir\u00e1n en el L\u00edbano, Komeil Bagheri, visita tumba de Mustafa Mazeh, muerto en un intento fallido para asesinar a Salman Rushdie en 1989: \u201cMazeh es un modelo a seguir para toda la juventud musulmana\u201d"},"content":{"rendered":"<p>[videopack id=&#8221;1995&#8243;]https:\/\/www2.memri.org\/espanol\/tv\/wp-content\/uploads\/2023\/08\/10422-ESP.mp4[\/videopack]<\/p>\n<p><em>El 3 de agosto de 2023 el canal de televisi\u00f3n liban\u00e9s afiliado a Hezbollah, Al-Manar, transmiti\u00f3 un informe sobre la visita del agregado cultural de Ir\u00e1n en el L\u00edbano, Komeil Bagheri, a la tumba de Mustafa Mazeh. <\/em><\/p>\n<p><em>Mazeh muri\u00f3 mientras ensamblaba una bomba con la cual planeaba asesinar al novelista Salman Rushdie, despu\u00e9s de que el l\u00edder supremo iran\u00ed, Ruhollah Khomeini, dictara un fatua pidiendo su muerte por haber publicado Los versos sat\u00e1nicos. Bagheri elogi\u00f3 a los j\u00f3venes del L\u00edbano y dijo que Mazeh era un &#8220;m\u00e1rtir&#8221; y &#8220;modelo a seguir para todos los j\u00f3venes entusiastas en el mundo isl\u00e1mico&#8221;. <\/em><\/p>\n","protected":false},"excerpt":{"rendered":"<p>[videopack id=&#8221;1995&#8243;]<\/p>\n<p><em>El 3 de agosto de 2023 el canal de televisi\u00f3n liban\u00e9s afiliado a Hezbollah, Al-Manar, transmiti\u00f3 un informe sobre la visita del agregado cultural de Ir\u00e1n en el L\u00edbano, Komeil Bagheri, a la tumba de Mustafa Mazeh. <\/em><\/p>\n<p><em>Mazeh muri\u00f3 mientras ensamblaba una bomba con la cual planeaba asesinar al novelista Salman Rushdie, despu\u00e9s de que el l\u00edder supremo iran\u00ed, Ruhollah Khomeini, dictara un fatua pidiendo su muerte por haber publicado Los versos sat\u00e1nicos. Bagheri elogi\u00f3 a los j\u00f3venes del L\u00edbano y dijo que Mazeh era un &#8220;m\u00e1rtir&#8221; y &#8220;modelo a seguir para todos los j\u00f3venes entusiastas en el mundo isl\u00e1mico&#8221;. <\/em><\/p>\n","protected":false},"author":3,"featured_media":1994,"comment_status":"open","ping_status":"open","sticky":false,"template":"","format":"video","meta":{"footnotes":""},"categories":[2,15,5],"tags":[],"class_list":["post-1993","post","type-post","status-publish","format-video","has-post-thumbnail","hentry","category-featured","category-iran","category-paises","post_format-post-format-video"],"_links":{"self":[{"href":"https:\/\/www2.memri.org\/espanol\/tv\/wp-json\/wp\/v2\/posts\/1993","targetHints":{"allow":["GET"]}}],"collection":[{"href":"https:\/\/www2.memri.org\/espanol\/tv\/wp-json\/wp\/v2\/posts"}],"about":[{"href":"https:\/\/www2.memri.org\/espanol\/tv\/wp-json\/wp\/v2\/types\/post"}],"author":[{"embeddable":true,"href":"https:\/\/www2.memri.org\/espanol\/tv\/wp-json\/wp\/v2\/users\/3"}],"replies":[{"embeddable":true,"href":"https:\/\/www2.memri.org\/espanol\/tv\/wp-json\/wp\/v2\/comments?post=1993"}],"version-history":[{"count":0,"href":"https:\/\/www2.memri.org\/espanol\/tv\/wp-json\/wp\/v2\/posts\/1993\/revisions"}],"wp:featuredmedia":[{"embeddable":true,"href":"https:\/\/www2.memri.org\/espanol\/tv\/wp-json\/wp\/v2\/media\/1994"}],"wp:attachment":[{"href":"https:\/\/www2.memri.org\/espanol\/tv\/wp-json\/wp\/v2\/media?parent=1993"}],"wp:term":[{"taxonomy":"category","embeddable":true,"href":"https:\/\/www2.memri.org\/espanol\/tv\/wp-json\/wp\/v2\/categories?post=1993"},{"taxonomy":"post_tag","embeddable":true,"href":"https:\/\/www2.memri.org\/espanol\/tv\/wp-json\/wp\/v2\/tags?post=1993"}],"curies":[{"name":"wp","href":"https:\/\/api.w.org\/{rel}","templated":true}]}}