{"id":1989,"date":"2023-08-14T12:00:47","date_gmt":"2023-08-14T09:00:47","guid":{"rendered":"https:\/\/www2.memri.org\/espanol\/tv\/?p=1989"},"modified":"2023-08-14T04:01:25","modified_gmt":"2023-08-14T01:01:25","slug":"primer-ministro-libanes-najib-mikati-la-situacion-en-el-libano-es-fantastica-despues-de-todo-todo-en-la-vida-es-relativo","status":"publish","type":"post","link":"https:\/\/www2.memri.org\/espanol\/tv\/2023\/08\/14\/primer-ministro-libanes-najib-mikati-la-situacion-en-el-libano-es-fantastica-despues-de-todo-todo-en-la-vida-es-relativo\/","title":{"rendered":"Primer ministro liban\u00e9s Najib Mikati: \u201cLa situaci\u00f3n en el L\u00edbano es fant\u00e1stica; despu\u00e9s de todo, todo en la vida es relativo\u201d"},"content":{"rendered":"<p>[videopack id=&#8221;1991&#8243;]https:\/\/www2.memri.org\/espanol\/tv\/wp-content\/uploads\/2023\/08\/1041-ESP-.mp4[\/videopack]<\/p>\n<p><em>El primer ministro liban\u00e9s Najib Mikati concedi\u00f3 una entrevista al canal de televisi\u00f3n de los Emiratos \u00c1rabes Unidos Sky News, el 27 de julio de 2023.<\/em><\/p>\n<p><em>\u00a0En la ocasi\u00f3n, Mikati sostuvo que, en t\u00e9rminos relativos, la situaci\u00f3n en el L\u00edbano es \u201cfant\u00e1stica\u201d. El funcionario agreg\u00f3 que, considerando la situaci\u00f3n pol\u00edtica y la vacante en el cargo de presidente, \u201cel L\u00edbano todav\u00eda est\u00e1 en buena forma\u201d. <\/em><\/p>\n","protected":false},"excerpt":{"rendered":"<p>[videopack id=&#8221;1991&#8243;]<\/p>\n<p><em>El primer ministro liban\u00e9s Najib Mikati concedi\u00f3 una entrevista al canal de televisi\u00f3n de los Emiratos \u00c1rabes Unidos Sky News, el 27 de julio de 2023.<\/em><\/p>\n<p><em>\u00a0En la ocasi\u00f3n, Mikati sostuvo que, en t\u00e9rminos relativos, la situaci\u00f3n en el L\u00edbano es \u201cfant\u00e1stica\u201d. El funcionario agreg\u00f3 que, considerando la situaci\u00f3n pol\u00edtica y la vacante en el cargo de presidente, \u201cel L\u00edbano todav\u00eda est\u00e1 en buena forma\u201d. <\/em><\/p>\n","protected":false},"author":3,"featured_media":1990,"comment_status":"open","ping_status":"open","sticky":false,"template":"","format":"video","meta":{"footnotes":""},"categories":[2,18],"tags":[],"class_list":["post-1989","post","type-post","status-publish","format-video","has-post-thumbnail","hentry","category-featured","category-libano","post_format-post-format-video"],"_links":{"self":[{"href":"https:\/\/www2.memri.org\/espanol\/tv\/wp-json\/wp\/v2\/posts\/1989","targetHints":{"allow":["GET"]}}],"collection":[{"href":"https:\/\/www2.memri.org\/espanol\/tv\/wp-json\/wp\/v2\/posts"}],"about":[{"href":"https:\/\/www2.memri.org\/espanol\/tv\/wp-json\/wp\/v2\/types\/post"}],"author":[{"embeddable":true,"href":"https:\/\/www2.memri.org\/espanol\/tv\/wp-json\/wp\/v2\/users\/3"}],"replies":[{"embeddable":true,"href":"https:\/\/www2.memri.org\/espanol\/tv\/wp-json\/wp\/v2\/comments?post=1989"}],"version-history":[{"count":0,"href":"https:\/\/www2.memri.org\/espanol\/tv\/wp-json\/wp\/v2\/posts\/1989\/revisions"}],"wp:featuredmedia":[{"embeddable":true,"href":"https:\/\/www2.memri.org\/espanol\/tv\/wp-json\/wp\/v2\/media\/1990"}],"wp:attachment":[{"href":"https:\/\/www2.memri.org\/espanol\/tv\/wp-json\/wp\/v2\/media?parent=1989"}],"wp:term":[{"taxonomy":"category","embeddable":true,"href":"https:\/\/www2.memri.org\/espanol\/tv\/wp-json\/wp\/v2\/categories?post=1989"},{"taxonomy":"post_tag","embeddable":true,"href":"https:\/\/www2.memri.org\/espanol\/tv\/wp-json\/wp\/v2\/tags?post=1989"}],"curies":[{"name":"wp","href":"https:\/\/api.w.org\/{rel}","templated":true}]}}