{"id":1979,"date":"2023-08-10T12:43:29","date_gmt":"2023-08-10T09:43:29","guid":{"rendered":"https:\/\/www2.memri.org\/espanol\/tv\/?p=1979"},"modified":"2023-08-10T12:43:29","modified_gmt":"2023-08-10T09:43:29","slug":"experto-militar-ruso-evgeny-mikhailov-las-fuerzas-del-grupo-wagner-quieren-marchar-sobre-polonia-tendran-la-oportunidad-de-hacerlo-si-polonia-intenta-realizar-sus-reclamos-territoriales-sob","status":"publish","type":"post","link":"https:\/\/www2.memri.org\/espanol\/tv\/2023\/08\/10\/experto-militar-ruso-evgeny-mikhailov-las-fuerzas-del-grupo-wagner-quieren-marchar-sobre-polonia-tendran-la-oportunidad-de-hacerlo-si-polonia-intenta-realizar-sus-reclamos-territoriales-sob\/","title":{"rendered":"Experto militar ruso Evgeny Mikhailov: \u201cLas fuerzas del grupo Wagner quieren marchar sobre Polonia; tendr\u00e1n la oportunidad de hacerlo si Polonia intenta realizar sus reclamos territoriales sobre Ucrania occidental\u201d"},"content":{"rendered":"<p>[videopack id=&#8221;1981&#8243;]https:\/\/www2.memri.org\/espanol\/tv\/wp-content\/uploads\/2023\/08\/10415-ESP.mp4[\/videopack]<\/p>\n<p><em>El experto militar ruso Evgeny Mikhailov concedi\u00f3 el 28 de julio de 2023 al canal de la televisi\u00f3n rusa Tsargrad. En la ocasi\u00f3n, Mikhailov sostuvo que las recientes declaraciones del presidente bielorruso Alexander Lukashenko sobre la presencia de fuerzas del grupo Wagner (Compa\u00f1\u00eda Militar Privada) CMP en Bielorrusia y su deseo de ir a Polonia es indicaci\u00f3n de que, si Polonia intenta realizar cualquiera de sus reclamos territoriales al oeste de Ucrania, el grupo Wagner marchar\u00e1 sobre Polonia. Mikhailov dijo que dicha acci\u00f3n no puede hacerse sin provocaci\u00f3n, ya que activar\u00eda el Art\u00edculo 5 de la OTAN, pero que puede que suceda si surgen &#8220;ciertos requisitos previos&#8221;. <\/em><\/p>\n","protected":false},"excerpt":{"rendered":"<p>[videopack id=&#8221;1981&#8243;]<\/p>\n<p><em>El experto militar ruso Evgeny Mikhailov concedi\u00f3 el 28 de julio de 2023 al canal de la televisi\u00f3n rusa Tsargrad. En la ocasi\u00f3n, Mikhailov sostuvo que las recientes declaraciones del presidente bielorruso Alexander Lukashenko sobre la presencia de fuerzas del grupo Wagner (Compa\u00f1\u00eda Militar Privada) CMP en Bielorrusia y su deseo de ir a Polonia es indicaci\u00f3n de que, si Polonia intenta realizar cualquiera de sus reclamos territoriales al oeste de Ucrania, el grupo Wagner marchar\u00e1 sobre Polonia. Mikhailov dijo que dicha acci\u00f3n no puede hacerse sin provocaci\u00f3n, ya que activar\u00eda el Art\u00edculo 5 de la OTAN, pero que puede que suceda si surgen &#8220;ciertos requisitos previos&#8221;. <\/em><\/p>\n","protected":false},"author":3,"featured_media":1980,"comment_status":"open","ping_status":"open","sticky":false,"template":"","format":"video","meta":{"footnotes":""},"categories":[403],"tags":[],"class_list":["post-1979","post","type-post","status-publish","format-video","has-post-thumbnail","hentry","category-rusia","post_format-post-format-video"],"_links":{"self":[{"href":"https:\/\/www2.memri.org\/espanol\/tv\/wp-json\/wp\/v2\/posts\/1979","targetHints":{"allow":["GET"]}}],"collection":[{"href":"https:\/\/www2.memri.org\/espanol\/tv\/wp-json\/wp\/v2\/posts"}],"about":[{"href":"https:\/\/www2.memri.org\/espanol\/tv\/wp-json\/wp\/v2\/types\/post"}],"author":[{"embeddable":true,"href":"https:\/\/www2.memri.org\/espanol\/tv\/wp-json\/wp\/v2\/users\/3"}],"replies":[{"embeddable":true,"href":"https:\/\/www2.memri.org\/espanol\/tv\/wp-json\/wp\/v2\/comments?post=1979"}],"version-history":[{"count":0,"href":"https:\/\/www2.memri.org\/espanol\/tv\/wp-json\/wp\/v2\/posts\/1979\/revisions"}],"wp:featuredmedia":[{"embeddable":true,"href":"https:\/\/www2.memri.org\/espanol\/tv\/wp-json\/wp\/v2\/media\/1980"}],"wp:attachment":[{"href":"https:\/\/www2.memri.org\/espanol\/tv\/wp-json\/wp\/v2\/media?parent=1979"}],"wp:term":[{"taxonomy":"category","embeddable":true,"href":"https:\/\/www2.memri.org\/espanol\/tv\/wp-json\/wp\/v2\/categories?post=1979"},{"taxonomy":"post_tag","embeddable":true,"href":"https:\/\/www2.memri.org\/espanol\/tv\/wp-json\/wp\/v2\/tags?post=1979"}],"curies":[{"name":"wp","href":"https:\/\/api.w.org\/{rel}","templated":true}]}}