{"id":1966,"date":"2023-08-07T14:39:22","date_gmt":"2023-08-07T11:39:22","guid":{"rendered":"https:\/\/www2.memri.org\/espanol\/tv\/?p=1966"},"modified":"2023-08-07T14:39:22","modified_gmt":"2023-08-07T11:39:22","slug":"en-protesta-frente-a-la-embajada-sueca-en-teheran-ante-incidentes-por-la-quema-del-coran-manifestantes-exigen-la-deportacion-del-embajador-sueco-deporten-a-ese-bastardo-si-rushdie-hu","status":"publish","type":"post","link":"https:\/\/www2.memri.org\/espanol\/tv\/2023\/08\/07\/en-protesta-frente-a-la-embajada-sueca-en-teheran-ante-incidentes-por-la-quema-del-coran-manifestantes-exigen-la-deportacion-del-embajador-sueco-deporten-a-ese-bastardo-si-rushdie-hu\/","title":{"rendered":"En protesta frente a la embajada sueca en Teher\u00e1n ante incidentes por la quema del Cor\u00e1n, manifestantes exigen la deportaci\u00f3n del embajador sueco: \u201c\u00a1Deporten a ese bastardo! Si Rushdie hubiese sido asesinado, nadie se habr\u00eda atrevido a hacer esto\u201d"},"content":{"rendered":"<p>[videopack id=&#8221;1968&#8243;]https:\/\/www2.memri.org\/espanol\/tv\/wp-content\/uploads\/2023\/08\/10410-ESP.mp4[\/videopack]<\/p>\n<p><em>El 21 de julio de 2023, el canal de televisi\u00f3n iran\u00ed IRINN transmiti\u00f3 im\u00e1genes de una protesta realizada frente a la Embajada de Suecia en Teher\u00e1n ante los recientes incidentes por la quema del Cor\u00e1n en Suecia. Los manifestantes pidieron la expulsi\u00f3n del embajador sueco en Ir\u00e1n, y uno de los oradores dijo que la respuesta m\u00ednima al \u201cinsulto\u201d ser\u00eda deportar a \u201ceste bastardo\u201d. El orador tambi\u00e9n dijo que \u201ctoda la maldad en el mundo comienza en un solo lugar\u201d, y dirigi\u00f3 a la multitud a que entonaran c\u00e1nticos de \u201c\u00a1Muerte a Estados Unidos!\u201d. El erudito isl\u00e1mico iran\u00ed Hamzeh Vatanfada, quien habl\u00f3 en la protesta, dijo que si &#8220;el maldito&#8221; Salman Rushdie hubiese sido asesinado &#8220;tal como se merec\u00eda y seg\u00fan las instrucciones del imam Khomeini&#8221;, nadie se habr\u00eda atrevido a quemar el Cor\u00e1n. <\/em><\/p>\n","protected":false},"excerpt":{"rendered":"<p>[videopack id=&#8221;1968&#8243;]<\/p>\n<p><em>El 21 de julio de 2023, el canal de televisi\u00f3n iran\u00ed IRINN transmiti\u00f3 im\u00e1genes de una protesta realizada frente a la Embajada de Suecia en Teher\u00e1n ante los recientes incidentes por la quema del Cor\u00e1n en Suecia. Los manifestantes pidieron la expulsi\u00f3n del embajador sueco en Ir\u00e1n, y uno de los oradores dijo que la respuesta m\u00ednima al \u201cinsulto\u201d ser\u00eda deportar a \u201ceste bastardo\u201d. El orador tambi\u00e9n dijo que \u201ctoda la maldad en el mundo comienza en un solo lugar\u201d, y dirigi\u00f3 a la multitud a que entonaran c\u00e1nticos de \u201c\u00a1Muerte a Estados Unidos!\u201d. El erudito isl\u00e1mico iran\u00ed Hamzeh Vatanfada, quien habl\u00f3 en la protesta, dijo que si &#8220;el maldito&#8221; Salman Rushdie hubiese sido asesinado &#8220;tal como se merec\u00eda y seg\u00fan las instrucciones del imam Khomeini&#8221;, nadie se habr\u00eda atrevido a quemar el Cor\u00e1n. <\/em><\/p>\n","protected":false},"author":3,"featured_media":1967,"comment_status":"open","ping_status":"open","sticky":false,"template":"","format":"video","meta":{"footnotes":""},"categories":[2,15],"tags":[],"class_list":["post-1966","post","type-post","status-publish","format-video","has-post-thumbnail","hentry","category-featured","category-iran","post_format-post-format-video"],"_links":{"self":[{"href":"https:\/\/www2.memri.org\/espanol\/tv\/wp-json\/wp\/v2\/posts\/1966","targetHints":{"allow":["GET"]}}],"collection":[{"href":"https:\/\/www2.memri.org\/espanol\/tv\/wp-json\/wp\/v2\/posts"}],"about":[{"href":"https:\/\/www2.memri.org\/espanol\/tv\/wp-json\/wp\/v2\/types\/post"}],"author":[{"embeddable":true,"href":"https:\/\/www2.memri.org\/espanol\/tv\/wp-json\/wp\/v2\/users\/3"}],"replies":[{"embeddable":true,"href":"https:\/\/www2.memri.org\/espanol\/tv\/wp-json\/wp\/v2\/comments?post=1966"}],"version-history":[{"count":0,"href":"https:\/\/www2.memri.org\/espanol\/tv\/wp-json\/wp\/v2\/posts\/1966\/revisions"}],"wp:featuredmedia":[{"embeddable":true,"href":"https:\/\/www2.memri.org\/espanol\/tv\/wp-json\/wp\/v2\/media\/1967"}],"wp:attachment":[{"href":"https:\/\/www2.memri.org\/espanol\/tv\/wp-json\/wp\/v2\/media?parent=1966"}],"wp:term":[{"taxonomy":"category","embeddable":true,"href":"https:\/\/www2.memri.org\/espanol\/tv\/wp-json\/wp\/v2\/categories?post=1966"},{"taxonomy":"post_tag","embeddable":true,"href":"https:\/\/www2.memri.org\/espanol\/tv\/wp-json\/wp\/v2\/tags?post=1966"}],"curies":[{"name":"wp","href":"https:\/\/api.w.org\/{rel}","templated":true}]}}