{"id":1925,"date":"2023-07-24T10:51:54","date_gmt":"2023-07-24T07:51:54","guid":{"rendered":"https:\/\/www2.memri.org\/espanol\/tv\/?p=1925"},"modified":"2023-07-24T10:51:54","modified_gmt":"2023-07-24T07:51:54","slug":"programa-de-entrevistas-en-la-tv-libanesa-finaliza-en-pelea-tras-una-acalorada-discusion-sobre-las-posibles-sanciones-de-occidente-a-politicos-libaneses-que-obstruyen-la-eleccion-de-un-nuevo-presiden","status":"publish","type":"post","link":"https:\/\/www2.memri.org\/espanol\/tv\/2023\/07\/24\/programa-de-entrevistas-en-la-tv-libanesa-finaliza-en-pelea-tras-una-acalorada-discusion-sobre-las-posibles-sanciones-de-occidente-a-politicos-libaneses-que-obstruyen-la-eleccion-de-un-nuevo-presiden\/","title":{"rendered":"Programa de entrevistas en la TV libanesa finaliza en pelea, tras una acalorada discusi\u00f3n sobre las posibles sanciones de Occidente a pol\u00edticos libaneses que obstruyen la elecci\u00f3n de un nuevo presidente"},"content":{"rendered":"<p>[videopack id=&#8221;1927&#8243;]https:\/\/www2.memri.org\/espanol\/tv\/wp-content\/uploads\/2023\/07\/10392-ESP.mp4[\/videopack]<\/p>\n<p><em>Un programa de entrevistas en la televisi\u00f3n libanesa degener\u00f3 en un intercambio de golpes entre el ex-ministro de Medio Ambiente y parlamentario Wiam Wahhab y el periodista Simon Abou Fadel. Durante el programa, presentado el 20 de julio en el canal de televisi\u00f3n liban\u00e9s MTV, Wahhab compar\u00f3 las sanciones estadounidenses con su zapato. A esto Abou Fadel respondi\u00f3 que el zapato de Wahhab es problema suyo, pero no tiene nada que ver con la realidad. Esto llev\u00f3 a una pelea a gritos, hasta que Wahhab le arroj\u00f3 un vaso de agua a Abou Fadel y los dos comenzaron a golpearse. Cabe se\u00f1alar que en el a\u00f1o 2007 el Departamento del Tesoro de los Estados Unidos le impuso sanciones a Wahhab. <\/em><\/p>\n<p><strong>Simon Abou Fadel: <\/strong>&#8220;Usted es libre de hacer lo que desee con su zapato. Su zapato es problema suyo, pero existe una realidad en el mundo&#8230;&#8221;<\/p>\n<p><strong>Wiam Wahhab: <\/strong>&#8220;Su problema&#8230; Usted y su zapato&#8230;&#8221;<\/p>\n<p><strong>Abou Fadel: <\/strong>&#8220;\u00a1Comp\u00f3rtese! \u00a1Comp\u00f3rtese!&#8221;<\/p>\n<p><strong>Wahhab: <\/strong>&#8220;\u00a1C\u00e1llese!&#8221;<\/p>\n<p><strong>Abou Fadel: <\/strong>&#8220;\u00a1C\u00e1llese usted!&#8221;<\/p>\n","protected":false},"excerpt":{"rendered":"<p>[videopack id=&#8221;1927&#8243;]<\/p>\n<p><em>Un programa de entrevistas en la televisi\u00f3n libanesa degener\u00f3 en un intercambio de golpes entre el ex-ministro de Medio Ambiente y parlamentario Wiam Wahhab y el periodista Simon Abou Fadel. Durante el programa, presentado el 20 de julio en el canal de televisi\u00f3n liban\u00e9s MTV, Wahhab compar\u00f3 las sanciones estadounidenses con su zapato. A esto Abou Fadel respondi\u00f3 que el zapato de Wahhab es problema suyo, pero no tiene nada que ver con la realidad. Esto llev\u00f3 a una pelea a gritos, hasta que Wahhab le arroj\u00f3 un vaso de agua a Abou Fadel y los dos comenzaron a golpearse. Cabe se\u00f1alar que en el a\u00f1o 2007 el Departamento del Tesoro de los Estados Unidos le impuso sanciones a Wahhab. <\/em><\/p>\n<p><strong>Simon Abou Fadel: <\/strong>&#8220;Usted es libre de hacer lo que desee con su zapato. Su zapato es problema suyo, pero existe una realidad en el mundo&#8230;&#8221;<\/p>\n<p><strong>Wiam Wahhab: <\/strong>&#8220;Su problema&#8230; Usted y su zapato&#8230;&#8221;<\/p>\n<p><strong>Abou Fadel: <\/strong>&#8220;\u00a1Comp\u00f3rtese! \u00a1Comp\u00f3rtese!&#8221;<\/p>\n<p><strong>Wahhab: <\/strong>&#8220;\u00a1C\u00e1llese!&#8221;<\/p>\n<p><strong>Abou Fadel: <\/strong>&#8220;\u00a1C\u00e1llese usted!&#8221;<\/p>\n","protected":false},"author":3,"featured_media":1926,"comment_status":"open","ping_status":"open","sticky":false,"template":"","format":"video","meta":{"footnotes":""},"categories":[2,18],"tags":[],"class_list":["post-1925","post","type-post","status-publish","format-video","has-post-thumbnail","hentry","category-featured","category-libano","post_format-post-format-video"],"_links":{"self":[{"href":"https:\/\/www2.memri.org\/espanol\/tv\/wp-json\/wp\/v2\/posts\/1925","targetHints":{"allow":["GET"]}}],"collection":[{"href":"https:\/\/www2.memri.org\/espanol\/tv\/wp-json\/wp\/v2\/posts"}],"about":[{"href":"https:\/\/www2.memri.org\/espanol\/tv\/wp-json\/wp\/v2\/types\/post"}],"author":[{"embeddable":true,"href":"https:\/\/www2.memri.org\/espanol\/tv\/wp-json\/wp\/v2\/users\/3"}],"replies":[{"embeddable":true,"href":"https:\/\/www2.memri.org\/espanol\/tv\/wp-json\/wp\/v2\/comments?post=1925"}],"version-history":[{"count":0,"href":"https:\/\/www2.memri.org\/espanol\/tv\/wp-json\/wp\/v2\/posts\/1925\/revisions"}],"wp:featuredmedia":[{"embeddable":true,"href":"https:\/\/www2.memri.org\/espanol\/tv\/wp-json\/wp\/v2\/media\/1926"}],"wp:attachment":[{"href":"https:\/\/www2.memri.org\/espanol\/tv\/wp-json\/wp\/v2\/media?parent=1925"}],"wp:term":[{"taxonomy":"category","embeddable":true,"href":"https:\/\/www2.memri.org\/espanol\/tv\/wp-json\/wp\/v2\/categories?post=1925"},{"taxonomy":"post_tag","embeddable":true,"href":"https:\/\/www2.memri.org\/espanol\/tv\/wp-json\/wp\/v2\/tags?post=1925"}],"curies":[{"name":"wp","href":"https:\/\/api.w.org\/{rel}","templated":true}]}}