{"id":182,"date":"2022-10-21T15:22:32","date_gmt":"2022-10-21T19:22:32","guid":{"rendered":"https:\/\/www2.memri.org\/espanol\/tv\/?p=182"},"modified":"2023-02-02T15:25:47","modified_gmt":"2023-02-02T19:25:47","slug":"hezbollah-tv-brinda-una-ovacion-de-pie-al-terrorista-palestino-uday-al-tamimi-por-su-martirio-legendario-nada-eclipsa-los-actos-heroicos-de-los-combatientes-de-la-resistencia-en-la-pales","status":"publish","type":"post","link":"https:\/\/www2.memri.org\/espanol\/tv\/2022\/10\/21\/hezbollah-tv-brinda-una-ovacion-de-pie-al-terrorista-palestino-uday-al-tamimi-por-su-martirio-legendario-nada-eclipsa-los-actos-heroicos-de-los-combatientes-de-la-resistencia-en-la-pales\/","title":{"rendered":"Hezbollah TV brinda una ovaci\u00f3n de pie al terrorista palestino Uday Al-Tamimi por su &#8216;martirio legendario&#8217;: \u201cNada eclipsa los actos heroicos de los combatientes de la resistencia en la Palestina ocupada\u201d."},"content":{"rendered":"<p>[videopack id=&#8221;183&#8243;]https:\/\/www2.memri.org\/espanol\/tv\/wp-content\/uploads\/2023\/02\/9893-subtitulado.mp4[\/videopack]<\/p>\n<p>Durante un programa del 21 de octubre de 2022 en Al-Manar TV (Hezbollah-L\u00edbano), el presentador del espacio, Imad Marmal, y la audiencia en el estudio se pusieron de pie y aplaudieron al terrorista palestino &#8220;m\u00e1rtir&#8221; Uday Tamimi, quien fue abatido el 19 de octubre cuando dispar\u00f3 abri\u00f3 fuego contra fuerzas israel\u00edes armadas, mat\u00f3 a un soldado israel\u00ed e hiri\u00f3 a un guardia de seguridad civil.<\/p>\n<p>En el programa se mostraron im\u00e1genes de Tamimi disparando a soldados israel\u00edes y el momento en que fue\u00a0 derribado, y Marmal dijo: &#8220;Nada eclipsa los actos heroicos de los combatientes de la resistencia en la Palestina ocupada&#8230; [Tamimi] fue martirizado de una manera legendaria&#8221;.<\/p>\n<p>Imad Marmal, presentador del programa: &#8220;Con su permiso, queridos invitados y televidentes, me gustar\u00eda decir que, a pesar de las crisis pol\u00edticas y econ\u00f3micas de nuestro pa\u00eds, nada eclipsa los actos heroicos de los combatientes de la resistencia en la Palestina ocupada. Al comienzo de nuestro programa, saludamos respetuosamente al m\u00e1rtir Uday Al-Tamimi, que sigui\u00f3 luchando contra la \u00a0ocupaci\u00f3n hasta su \u00faltimo aliento y fue martirizado de manera legendaria. Lo saludamos y ahora nos pondremos de pie y lo aplaudiremos&#8221;.<\/p>\n","protected":false},"excerpt":{"rendered":"<p>[videopack id=&#8221;183&#8243;]<\/p>\n<p>Durante un programa del 21 de octubre de 2022 en Al-Manar TV (Hezbollah-L\u00edbano), el presentador del espacio, Imad Marmal, y la audiencia en el estudio se pusieron de pie y aplaudieron al terrorista palestino &#8220;m\u00e1rtir&#8221; Uday Tamimi, quien fue abatido el 19 de octubre cuando dispar\u00f3 abri\u00f3 fuego contra fuerzas israel\u00edes armadas, mat\u00f3 a un soldado israel\u00ed e hiri\u00f3 a un guardia de seguridad civil.<\/p>\n<p>En el programa se mostraron im\u00e1genes de Tamimi disparando a soldados israel\u00edes y el momento en que fue\u00a0 derribado, y Marmal dijo: &#8220;Nada eclipsa los actos heroicos de los combatientes de la resistencia en la Palestina ocupada&#8230; [Tamimi] fue martirizado de una manera legendaria&#8221;.<\/p>\n<p>Imad Marmal, presentador del programa: &#8220;Con su permiso, queridos invitados y televidentes, me gustar\u00eda decir que, a pesar de las crisis pol\u00edticas y econ\u00f3micas de nuestro pa\u00eds, nada eclipsa los actos heroicos de los combatientes de la resistencia en la Palestina ocupada. Al comienzo de nuestro programa, saludamos respetuosamente al m\u00e1rtir Uday Al-Tamimi, que sigui\u00f3 luchando contra la \u00a0ocupaci\u00f3n hasta su \u00faltimo aliento y fue martirizado de manera legendaria. Lo saludamos y ahora nos pondremos de pie y lo aplaudiremos&#8221;.<\/p>\n","protected":false},"author":3,"featured_media":184,"comment_status":"open","ping_status":"open","sticky":false,"template":"","format":"video","meta":{"footnotes":""},"categories":[197,18,5,142],"tags":[],"class_list":["post-182","post","type-post","status-publish","format-video","has-post-thumbnail","hentry","category-hezbollah-tv-homenaje-al-terrorista-palestino-uday-al-tamimi","category-libano","category-paises","category-temas","post_format-post-format-video"],"_links":{"self":[{"href":"https:\/\/www2.memri.org\/espanol\/tv\/wp-json\/wp\/v2\/posts\/182","targetHints":{"allow":["GET"]}}],"collection":[{"href":"https:\/\/www2.memri.org\/espanol\/tv\/wp-json\/wp\/v2\/posts"}],"about":[{"href":"https:\/\/www2.memri.org\/espanol\/tv\/wp-json\/wp\/v2\/types\/post"}],"author":[{"embeddable":true,"href":"https:\/\/www2.memri.org\/espanol\/tv\/wp-json\/wp\/v2\/users\/3"}],"replies":[{"embeddable":true,"href":"https:\/\/www2.memri.org\/espanol\/tv\/wp-json\/wp\/v2\/comments?post=182"}],"version-history":[{"count":0,"href":"https:\/\/www2.memri.org\/espanol\/tv\/wp-json\/wp\/v2\/posts\/182\/revisions"}],"wp:featuredmedia":[{"embeddable":true,"href":"https:\/\/www2.memri.org\/espanol\/tv\/wp-json\/wp\/v2\/media\/184"}],"wp:attachment":[{"href":"https:\/\/www2.memri.org\/espanol\/tv\/wp-json\/wp\/v2\/media?parent=182"}],"wp:term":[{"taxonomy":"category","embeddable":true,"href":"https:\/\/www2.memri.org\/espanol\/tv\/wp-json\/wp\/v2\/categories?post=182"},{"taxonomy":"post_tag","embeddable":true,"href":"https:\/\/www2.memri.org\/espanol\/tv\/wp-json\/wp\/v2\/tags?post=182"}],"curies":[{"name":"wp","href":"https:\/\/api.w.org\/{rel}","templated":true}]}}