{"id":179,"date":"2022-10-17T15:16:48","date_gmt":"2022-10-17T19:16:48","guid":{"rendered":"https:\/\/www2.memri.org\/espanol\/tv\/?p=179"},"modified":"2023-02-02T15:21:59","modified_gmt":"2023-02-02T19:21:59","slug":"politico-libanes-samy-gemayel-quiero-que-el-libano-viva-en-paz-tanto-siria-como-israel-han-perjudicado-al-libano-siria-es-una-dictadura-que-mata-a-su-propio-pueblo","status":"publish","type":"post","link":"https:\/\/www2.memri.org\/espanol\/tv\/2022\/10\/17\/politico-libanes-samy-gemayel-quiero-que-el-libano-viva-en-paz-tanto-siria-como-israel-han-perjudicado-al-libano-siria-es-una-dictadura-que-mata-a-su-propio-pueblo\/","title":{"rendered":"Pol\u00edtico liban\u00e9s Samy Gemayel: \u201cQuiero que el L\u00edbano viva en paz; Tanto Siria como Israel han perjudicado al L\u00edbano; Siria es una dictadura que mata a su propio pueblo\u201d."},"content":{"rendered":"<p>[videopack id=&#8221;180&#8243;]https:\/\/www2.memri.org\/espanol\/tv\/wp-content\/uploads\/2023\/02\/9892-subtitulado.mp4[\/videopack]<\/p>\n<p><em>El diputado liban\u00e9s Samy Gemayel, l\u00edder del partido liban\u00e9s Kataeb, dijo en una entrevista del 17 de octubre de 2022 transmitida por LBC TV (L\u00edbano) que su objetivo es que el L\u00edbano viva en paz. Tambi\u00e9n asegur\u00f3 que no quiere vivir en un pa\u00eds donde \u00e9l y sus hijos se enfrenten a la guerra cada uno o dos a\u00f1os. <\/em><\/p>\n<p><em>Gemayel sostuvo que no cree en la hostilidad y la enemistad eternas, y afirm\u00f3 que ni siquiera la matanza de millones de personas por parte de la Alemania nazi durante la Segunda Guerra Mundial result\u00f3 en una &#8220;enemistad eterna&#8221;. El pol\u00edtico liban\u00e9s se\u00f1al\u00f3 tambi\u00e9n que no quiere &#8220;adoptar un enfoque racista&#8221; con respecto a Israel y que hay israel\u00edes que se oponen a la guerra y se manifiestan en su contra. <\/em><\/p>\n<p><em>Gemayel dijo adem\u00e1s que tanto Siria como Israel han perjudicado al L\u00edbano \u201cen la misma medida\u201d, pero Siria mat\u00f3 a m\u00e1s libaneses. <\/em><\/p>\n<p><em>Tambi\u00e9n dijo que, si bien es cierto que Siria es un pa\u00eds \u00e1rabe, tambi\u00e9n es una dictadura que \u201caniquila a su propio pueblo\u201d. <\/em><\/p>\n<p>Entrevistador: &#8220;\u00bfEst\u00e1 usted satisfecho con el comienzo de un camino de normalizaci\u00f3n con Israel? \u00bfPuede decirme honestamente si esto le agrada o no?&#8221;<\/p>\n<p>Samy Gemayel: &#8220;Me complace que el L\u00edbano est\u00e9 pasando p\u00e1gina con respecto al asunto de las fronteras del pa\u00eds, sus relaciones con sus vecinos y su eterna enemistad y estado de guerra sin fin con los dem\u00e1s. Mi objetivo es que el L\u00edbano viva en paz. Si esto es un crimen y el L\u00edbano debe seguir viviendo en un estado de guerra sin fin&#8230; Bueno, mi objetivo en esta vida es que mis hijos y yo no vivamos en un pa\u00eds donde cada a\u00f1o o dos haya guerra, misiles, v\u00edctimas y sangre. Quiero que el L\u00edbano viva en paz. \u00bfEs eso un crimen? Quiero que alguien me lo diga&#8221;.<\/p>\n<p>Entrevistador: &#8220;Pero se necesitan dos para hacer las paces&#8221;.<\/p>\n<p>Gemayel: &#8220;\u00bfPor qu\u00e9 eso es imposible?&#8221;<\/p>\n<p>Entrevistador: &#8220;Se puede ver la absoluta hostilidad de los israel\u00edes hacia el L\u00edbano a lo largo de nuestra historia con el estado hebreo&#8221;.<\/p>\n<p>Gemayel: &#8221; Lo dudo mucho. Creo que en la vida no existe la hostilidad eterna. No existe tal cosa. La Alemania nazi hizo una guerra mundial, aniquil\u00f3 naciones enteras, mat\u00f3 a millones de personas. \u00bfCu\u00e1l fue el resultado? \u00bfEterna enemistad?<\/p>\n<p>Entrevistador: &#8220;No, pero su r\u00e9gimen cambi\u00f3. La guerra termin\u00f3&#8221;.<\/p>\n<p>Gemayel: &#8220;Por supuesto que s\u00ed. Hoy, en Israel, hay personas que se oponen a la guerra, van a manifestaciones contra la guerra, mientras que hay otras personas que apoyan las guerras, etc. No quiero adoptar un enfoque racista en este asunto.&#8221;<\/p>\n<p>Entrevistador: &#8220;Pero Israel es un pa\u00eds racista, fundado en el Apartheid, mientras que el L\u00edbano es todo lo contrario&#8221;.<\/p>\n<p>Gemayel: &#8220;No niego que, ideol\u00f3gicamente, el L\u00edbano es todo lo contrario, pero tenemos dos pa\u00edses vecinos, Siria e Israel, y ambos han perjudicado al L\u00edbano en la misma medida. Si cuentas los m\u00e1rtires asesinados por el r\u00e9gimen sirio, incluso superan en n\u00famero a los asesinados por el r\u00e9gimen israel\u00ed&#8221;.<\/p>\n","protected":false},"excerpt":{"rendered":"<p>[videopack id=&#8221;180&#8243;]<\/p>\n<p><em>El diputado liban\u00e9s Samy Gemayel, l\u00edder del partido liban\u00e9s Kataeb, dijo en una entrevista del 17 de octubre de 2022 transmitida por LBC TV (L\u00edbano) que su objetivo es que el L\u00edbano viva en paz. Tambi\u00e9n asegur\u00f3 que no quiere vivir en un pa\u00eds donde \u00e9l y sus hijos se enfrenten a la guerra cada uno o dos a\u00f1os. <\/em><\/p>\n<p><em>Gemayel sostuvo que no cree en la hostilidad y la enemistad eternas, y afirm\u00f3 que ni siquiera la matanza de millones de personas por parte de la Alemania nazi durante la Segunda Guerra Mundial result\u00f3 en una &#8220;enemistad eterna&#8221;. El pol\u00edtico liban\u00e9s se\u00f1al\u00f3 tambi\u00e9n que no quiere &#8220;adoptar un enfoque racista&#8221; con respecto a Israel y que hay israel\u00edes que se oponen a la guerra y se manifiestan en su contra. <\/em><\/p>\n<p><em>Gemayel dijo adem\u00e1s que tanto Siria como Israel han perjudicado al L\u00edbano \u201cen la misma medida\u201d, pero Siria mat\u00f3 a m\u00e1s libaneses. <\/em><\/p>\n<p><em>Tambi\u00e9n dijo que, si bien es cierto que Siria es un pa\u00eds \u00e1rabe, tambi\u00e9n es una dictadura que \u201caniquila a su propio pueblo\u201d. <\/em><\/p>\n<p>Entrevistador: &#8220;\u00bfEst\u00e1 usted satisfecho con el comienzo de un camino de normalizaci\u00f3n con Israel? \u00bfPuede decirme honestamente si esto le agrada o no?&#8221;<\/p>\n<p>Samy Gemayel: &#8220;Me complace que el L\u00edbano est\u00e9 pasando p\u00e1gina con respecto al asunto de las fronteras del pa\u00eds, sus relaciones con sus vecinos y su eterna enemistad y estado de guerra sin fin con los dem\u00e1s. Mi objetivo es que el L\u00edbano viva en paz. Si esto es un crimen y el L\u00edbano debe seguir viviendo en un estado de guerra sin fin&#8230; Bueno, mi objetivo en esta vida es que mis hijos y yo no vivamos en un pa\u00eds donde cada a\u00f1o o dos haya guerra, misiles, v\u00edctimas y sangre. Quiero que el L\u00edbano viva en paz. \u00bfEs eso un crimen? Quiero que alguien me lo diga&#8221;.<\/p>\n<p>Entrevistador: &#8220;Pero se necesitan dos para hacer las paces&#8221;.<\/p>\n<p>Gemayel: &#8220;\u00bfPor qu\u00e9 eso es imposible?&#8221;<\/p>\n<p>Entrevistador: &#8220;Se puede ver la absoluta hostilidad de los israel\u00edes hacia el L\u00edbano a lo largo de nuestra historia con el estado hebreo&#8221;.<\/p>\n<p>Gemayel: &#8221; Lo dudo mucho. Creo que en la vida no existe la hostilidad eterna. No existe tal cosa. La Alemania nazi hizo una guerra mundial, aniquil\u00f3 naciones enteras, mat\u00f3 a millones de personas. \u00bfCu\u00e1l fue el resultado? \u00bfEterna enemistad?<\/p>\n<p>Entrevistador: &#8220;No, pero su r\u00e9gimen cambi\u00f3. La guerra termin\u00f3&#8221;.<\/p>\n<p>Gemayel: &#8220;Por supuesto que s\u00ed. Hoy, en Israel, hay personas que se oponen a la guerra, van a manifestaciones contra la guerra, mientras que hay otras personas que apoyan las guerras, etc. No quiero adoptar un enfoque racista en este asunto.&#8221;<\/p>\n<p>Entrevistador: &#8220;Pero Israel es un pa\u00eds racista, fundado en el Apartheid, mientras que el L\u00edbano es todo lo contrario&#8221;.<\/p>\n<p>Gemayel: &#8220;No niego que, ideol\u00f3gicamente, el L\u00edbano es todo lo contrario, pero tenemos dos pa\u00edses vecinos, Siria e Israel, y ambos han perjudicado al L\u00edbano en la misma medida. Si cuentas los m\u00e1rtires asesinados por el r\u00e9gimen sirio, incluso superan en n\u00famero a los asesinados por el r\u00e9gimen israel\u00ed&#8221;.<\/p>\n","protected":false},"author":3,"featured_media":181,"comment_status":"open","ping_status":"open","sticky":false,"template":"","format":"video","meta":{"footnotes":""},"categories":[194,23,18,5,84,142],"tags":[],"class_list":["post-179","post","type-post","status-publish","format-video","has-post-thumbnail","hentry","category-gemayel-quiere-la-paz-con-israel","category-intelectuales-o-politicos","category-libano","category-paises","category-politico-libanes-samy-gemayel","category-temas","post_format-post-format-video"],"_links":{"self":[{"href":"https:\/\/www2.memri.org\/espanol\/tv\/wp-json\/wp\/v2\/posts\/179","targetHints":{"allow":["GET"]}}],"collection":[{"href":"https:\/\/www2.memri.org\/espanol\/tv\/wp-json\/wp\/v2\/posts"}],"about":[{"href":"https:\/\/www2.memri.org\/espanol\/tv\/wp-json\/wp\/v2\/types\/post"}],"author":[{"embeddable":true,"href":"https:\/\/www2.memri.org\/espanol\/tv\/wp-json\/wp\/v2\/users\/3"}],"replies":[{"embeddable":true,"href":"https:\/\/www2.memri.org\/espanol\/tv\/wp-json\/wp\/v2\/comments?post=179"}],"version-history":[{"count":0,"href":"https:\/\/www2.memri.org\/espanol\/tv\/wp-json\/wp\/v2\/posts\/179\/revisions"}],"wp:featuredmedia":[{"embeddable":true,"href":"https:\/\/www2.memri.org\/espanol\/tv\/wp-json\/wp\/v2\/media\/181"}],"wp:attachment":[{"href":"https:\/\/www2.memri.org\/espanol\/tv\/wp-json\/wp\/v2\/media?parent=179"}],"wp:term":[{"taxonomy":"category","embeddable":true,"href":"https:\/\/www2.memri.org\/espanol\/tv\/wp-json\/wp\/v2\/categories?post=179"},{"taxonomy":"post_tag","embeddable":true,"href":"https:\/\/www2.memri.org\/espanol\/tv\/wp-json\/wp\/v2\/tags?post=179"}],"curies":[{"name":"wp","href":"https:\/\/api.w.org\/{rel}","templated":true}]}}