{"id":1762,"date":"2023-06-20T10:26:13","date_gmt":"2023-06-20T07:26:13","guid":{"rendered":"https:\/\/www2.memri.org\/espanol\/tv\/?p=1762"},"modified":"2023-06-20T10:26:13","modified_gmt":"2023-06-20T07:26:13","slug":"secretario-general-adjunto-de-hezbollah-naim-qassem-arabia-saudita-sabe-que-ee-uu-no-puede-proveerle-ninguna-seguridad-ee-uu-es-demasiado-debil-como-para-impedir-la-reconciliacion-irani-sa","status":"publish","type":"post","link":"https:\/\/www2.memri.org\/espanol\/tv\/2023\/06\/20\/secretario-general-adjunto-de-hezbollah-naim-qassem-arabia-saudita-sabe-que-ee-uu-no-puede-proveerle-ninguna-seguridad-ee-uu-es-demasiado-debil-como-para-impedir-la-reconciliacion-irani-sa\/","title":{"rendered":"Secretario general adjunto de Hezbollah, Naim Qassem: \u201cArabia Saudita sabe que EE.UU.no puede proveerle ninguna seguridad; EE.UU.es demasiado d\u00e9bil como para impedir la reconciliaci\u00f3n iran\u00ed-saud\u00ed\u201d"},"content":{"rendered":"<p>[videopack id=&#8221;1773&#8243;]https:\/\/www2.memri.org\/espanol\/tv\/wp-content\/uploads\/2023\/06\/10344-ESP.mp4[\/videopack]<\/p>\n<p><em>El subsecretario general de Hezbollah, jeque Naim Qassem, concedi\u00f3 una entrevista al canal de televisi\u00f3n iran\u00ed Al-Alam el 13 de junio de 2023.<\/em><\/p>\n<p><em>En este contexto, Qassem sostuvo que Arabia Saudita est\u00e1 reconciliando sus relaciones con Ir\u00e1n porque se ha dado cuenta de que Estados Unidos no le brinda protecci\u00f3n ni al pa\u00eds ni a \u201csus empresas\u201d en la regi\u00f3n. Qassem dijo que Estados Unidos no podr\u00e1 cambiar el \u201cenfoque de reconciliaci\u00f3n que se ha apoderado de la regi\u00f3n\u201d aunque intentar\u00e1 \u201cponer obst\u00e1culos\u201d a este cambio. <\/em><\/p>\n<p><strong>Naim Qassem<\/strong>: &#8220;Estados Unidos no est\u00e1 satisfecho con el acuerdo Arabia Saudita-Ir\u00e1n. Dijeron que no lo quieren, pero no se opondr\u00e1n.<\/p>\n<p><img decoding=\"async\" class=\"alignnone  wp-image-1763\" src=\"https:\/\/www2.memri.org\/espanol\/tv\/wp-content\/uploads\/2023\/06\/10344-1-300x220.jpg\" alt=\"\" width=\"451\" height=\"331\" srcset=\"https:\/\/www2.memri.org\/espanol\/tv\/wp-content\/uploads\/2023\/06\/10344-1-300x220.jpg 300w, https:\/\/www2.memri.org\/espanol\/tv\/wp-content\/uploads\/2023\/06\/10344-1-150x110.jpg 150w, https:\/\/www2.memri.org\/espanol\/tv\/wp-content\/uploads\/2023\/06\/10344-1-573x420.jpg 573w, https:\/\/www2.memri.org\/espanol\/tv\/wp-content\/uploads\/2023\/06\/10344-1-80x60.jpg 80w, https:\/\/www2.memri.org\/espanol\/tv\/wp-content\/uploads\/2023\/06\/10344-1.jpg 655w\" sizes=\"(max-width: 451px) 100vw, 451px\" \/><\/p>\n<p><img decoding=\"async\" class=\"alignnone  wp-image-1764\" src=\"https:\/\/www2.memri.org\/espanol\/tv\/wp-content\/uploads\/2023\/06\/10344-2-300x220.jpg\" alt=\"\" width=\"451\" height=\"331\" srcset=\"https:\/\/www2.memri.org\/espanol\/tv\/wp-content\/uploads\/2023\/06\/10344-2-300x220.jpg 300w, https:\/\/www2.memri.org\/espanol\/tv\/wp-content\/uploads\/2023\/06\/10344-2-150x110.jpg 150w, https:\/\/www2.memri.org\/espanol\/tv\/wp-content\/uploads\/2023\/06\/10344-2-573x420.jpg 573w, https:\/\/www2.memri.org\/espanol\/tv\/wp-content\/uploads\/2023\/06\/10344-2-80x60.jpg 80w, https:\/\/www2.memri.org\/espanol\/tv\/wp-content\/uploads\/2023\/06\/10344-2.jpg 655w\" sizes=\"(max-width: 451px) 100vw, 451px\" \/><\/p>\n<p>La raz\u00f3n principal es que Arabia Saudita se ha dado cuenta de que Estados Unidos no provee verdadera protecci\u00f3n a las empresas sauditas en la regi\u00f3n, y no puede garantizar la seguridad de Arabia Saudita si se involucra en las tensiones regionales.<\/p>\n<p><img decoding=\"async\" class=\"alignnone  wp-image-1765\" src=\"https:\/\/www2.memri.org\/espanol\/tv\/wp-content\/uploads\/2023\/06\/10344-3-300x220.jpg\" alt=\"\" width=\"451\" height=\"331\" srcset=\"https:\/\/www2.memri.org\/espanol\/tv\/wp-content\/uploads\/2023\/06\/10344-3-300x220.jpg 300w, https:\/\/www2.memri.org\/espanol\/tv\/wp-content\/uploads\/2023\/06\/10344-3-150x110.jpg 150w, https:\/\/www2.memri.org\/espanol\/tv\/wp-content\/uploads\/2023\/06\/10344-3-573x420.jpg 573w, https:\/\/www2.memri.org\/espanol\/tv\/wp-content\/uploads\/2023\/06\/10344-3-80x60.jpg 80w, https:\/\/www2.memri.org\/espanol\/tv\/wp-content\/uploads\/2023\/06\/10344-3.jpg 655w\" sizes=\"(max-width: 451px) 100vw, 451px\" \/><\/p>\n<p><img decoding=\"async\" class=\"alignnone  wp-image-1766\" src=\"https:\/\/www2.memri.org\/espanol\/tv\/wp-content\/uploads\/2023\/06\/10344-4-300x220.jpg\" alt=\"\" width=\"451\" height=\"331\" srcset=\"https:\/\/www2.memri.org\/espanol\/tv\/wp-content\/uploads\/2023\/06\/10344-4-300x220.jpg 300w, https:\/\/www2.memri.org\/espanol\/tv\/wp-content\/uploads\/2023\/06\/10344-4-150x110.jpg 150w, https:\/\/www2.memri.org\/espanol\/tv\/wp-content\/uploads\/2023\/06\/10344-4-573x420.jpg 573w, https:\/\/www2.memri.org\/espanol\/tv\/wp-content\/uploads\/2023\/06\/10344-4-80x60.jpg 80w, https:\/\/www2.memri.org\/espanol\/tv\/wp-content\/uploads\/2023\/06\/10344-4.jpg 655w\" sizes=\"(max-width: 451px) 100vw, 451px\" \/><\/p>\n<p><img decoding=\"async\" class=\"alignnone  wp-image-1767\" src=\"https:\/\/www2.memri.org\/espanol\/tv\/wp-content\/uploads\/2023\/06\/10344-5-300x220.jpg\" alt=\"\" width=\"451\" height=\"331\" srcset=\"https:\/\/www2.memri.org\/espanol\/tv\/wp-content\/uploads\/2023\/06\/10344-5-300x220.jpg 300w, https:\/\/www2.memri.org\/espanol\/tv\/wp-content\/uploads\/2023\/06\/10344-5-150x110.jpg 150w, https:\/\/www2.memri.org\/espanol\/tv\/wp-content\/uploads\/2023\/06\/10344-5-573x420.jpg 573w, https:\/\/www2.memri.org\/espanol\/tv\/wp-content\/uploads\/2023\/06\/10344-5-80x60.jpg 80w, https:\/\/www2.memri.org\/espanol\/tv\/wp-content\/uploads\/2023\/06\/10344-5.jpg 655w\" sizes=\"(max-width: 451px) 100vw, 451px\" \/><\/p>\n<p><img decoding=\"async\" class=\"alignnone  wp-image-1768\" src=\"https:\/\/www2.memri.org\/espanol\/tv\/wp-content\/uploads\/2023\/06\/10344-6-300x220.jpg\" alt=\"\" width=\"451\" height=\"331\" srcset=\"https:\/\/www2.memri.org\/espanol\/tv\/wp-content\/uploads\/2023\/06\/10344-6-300x220.jpg 300w, https:\/\/www2.memri.org\/espanol\/tv\/wp-content\/uploads\/2023\/06\/10344-6-150x110.jpg 150w, https:\/\/www2.memri.org\/espanol\/tv\/wp-content\/uploads\/2023\/06\/10344-6-573x420.jpg 573w, https:\/\/www2.memri.org\/espanol\/tv\/wp-content\/uploads\/2023\/06\/10344-6-80x60.jpg 80w, https:\/\/www2.memri.org\/espanol\/tv\/wp-content\/uploads\/2023\/06\/10344-6.jpg 655w\" sizes=\"(max-width: 451px) 100vw, 451px\" \/><\/p>\n<p><img decoding=\"async\" class=\"alignnone  wp-image-1769\" src=\"https:\/\/www2.memri.org\/espanol\/tv\/wp-content\/uploads\/2023\/06\/10344-7-300x220.jpg\" alt=\"\" width=\"451\" height=\"331\" srcset=\"https:\/\/www2.memri.org\/espanol\/tv\/wp-content\/uploads\/2023\/06\/10344-7-300x220.jpg 300w, https:\/\/www2.memri.org\/espanol\/tv\/wp-content\/uploads\/2023\/06\/10344-7-150x110.jpg 150w, https:\/\/www2.memri.org\/espanol\/tv\/wp-content\/uploads\/2023\/06\/10344-7-573x420.jpg 573w, https:\/\/www2.memri.org\/espanol\/tv\/wp-content\/uploads\/2023\/06\/10344-7-80x60.jpg 80w, https:\/\/www2.memri.org\/espanol\/tv\/wp-content\/uploads\/2023\/06\/10344-7.jpg 655w\" sizes=\"(max-width: 451px) 100vw, 451px\" \/><\/p>\n<p>Tambi\u00e9n ha visto que la continuaci\u00f3n de la crisis en Yemen, en particular, perturbar\u00eda la Visi\u00f3n 2030 saudita, y que la continuaci\u00f3n de la crisis en Siria socavar\u00eda la situaci\u00f3n en los pa\u00edses que rodean a Arabia Saudita.<\/p>\n<p>A eso puedo a\u00f1adir el tema de la arrogancia israel\u00ed. Israel intensifica sus ataques contra los palestinos sin ofrecer ninguna medida eso dar\u00eda confianza respecto al futuro. M\u00e1s bien, (Israel) desea normalizar relaciones con Arabia Saudita y los pa\u00edses \u00e1rabes sin concederles nada a los palestinos. Todo esto indica que Arabia Saudita se ha dado cuenta de que la continuaci\u00f3n de su anterior elecci\u00f3n no le conviene.<\/p>\n<p>[&#8230;]<\/p>\n<p>Estados Unidos no aceptar\u00e1 dejar que la regi\u00f3n se vuelva en contra de la t\u00e1ctica y convicciones estrat\u00e9gicas estadounidenses. Buscar\u00e1n formas de obstaculizar algunas empresas, y tratar\u00e1n de involucrarse. La pregunta es \u00bfpuede Estados Unidos hacer esto? \u00bfTiene las capacidades suficientes para generar cambios en la regi\u00f3n?<\/p>\n<p><img decoding=\"async\" class=\"alignnone  wp-image-1770\" src=\"https:\/\/www2.memri.org\/espanol\/tv\/wp-content\/uploads\/2023\/06\/10344-8-300x220.jpg\" alt=\"\" width=\"451\" height=\"331\" srcset=\"https:\/\/www2.memri.org\/espanol\/tv\/wp-content\/uploads\/2023\/06\/10344-8-300x220.jpg 300w, https:\/\/www2.memri.org\/espanol\/tv\/wp-content\/uploads\/2023\/06\/10344-8-150x110.jpg 150w, https:\/\/www2.memri.org\/espanol\/tv\/wp-content\/uploads\/2023\/06\/10344-8-573x420.jpg 573w, https:\/\/www2.memri.org\/espanol\/tv\/wp-content\/uploads\/2023\/06\/10344-8-80x60.jpg 80w, https:\/\/www2.memri.org\/espanol\/tv\/wp-content\/uploads\/2023\/06\/10344-8.jpg 655w\" sizes=\"(max-width: 451px) 100vw, 451px\" \/><\/p>\n<p><img decoding=\"async\" class=\"alignnone  wp-image-1771\" src=\"https:\/\/www2.memri.org\/espanol\/tv\/wp-content\/uploads\/2023\/06\/10344-9-300x220.jpg\" alt=\"\" width=\"451\" height=\"331\" srcset=\"https:\/\/www2.memri.org\/espanol\/tv\/wp-content\/uploads\/2023\/06\/10344-9-300x220.jpg 300w, https:\/\/www2.memri.org\/espanol\/tv\/wp-content\/uploads\/2023\/06\/10344-9-150x110.jpg 150w, https:\/\/www2.memri.org\/espanol\/tv\/wp-content\/uploads\/2023\/06\/10344-9-573x420.jpg 573w, https:\/\/www2.memri.org\/espanol\/tv\/wp-content\/uploads\/2023\/06\/10344-9-80x60.jpg 80w, https:\/\/www2.memri.org\/espanol\/tv\/wp-content\/uploads\/2023\/06\/10344-9.jpg 655w\" sizes=\"(max-width: 451px) 100vw, 451px\" \/><\/p>\n<p><img decoding=\"async\" class=\"alignnone  wp-image-1772\" src=\"https:\/\/www2.memri.org\/espanol\/tv\/wp-content\/uploads\/2023\/06\/10344-10-300x220.jpg\" alt=\"\" width=\"451\" height=\"331\" srcset=\"https:\/\/www2.memri.org\/espanol\/tv\/wp-content\/uploads\/2023\/06\/10344-10-300x220.jpg 300w, https:\/\/www2.memri.org\/espanol\/tv\/wp-content\/uploads\/2023\/06\/10344-10-150x110.jpg 150w, https:\/\/www2.memri.org\/espanol\/tv\/wp-content\/uploads\/2023\/06\/10344-10-573x420.jpg 573w, https:\/\/www2.memri.org\/espanol\/tv\/wp-content\/uploads\/2023\/06\/10344-10-80x60.jpg 80w, https:\/\/www2.memri.org\/espanol\/tv\/wp-content\/uploads\/2023\/06\/10344-10.jpg 655w\" sizes=\"(max-width: 451px) 100vw, 451px\" \/><\/p>\n<p>Estados Unidos sufre de debilidad, y su desacuerdo con la entidad israel\u00ed es muy agudo, y por ende, no puede ofrecerle a (Arabia Saudita) nada en el frente israel\u00ed. Adem\u00e1s, Estados Unidos est\u00e1 ocupado con Ucrania y los temas internacionales. Por lo tanto, creo que es muy poco probable que Estados Unidos pueda cambiar el enfoque de reconciliaci\u00f3n que se ha apoderado de la regi\u00f3n. Ciertamente, sin embargo, intentar\u00e1n colocar obst\u00e1culos, si pueden&#8221;.<\/p>\n","protected":false},"excerpt":{"rendered":"<p>[videopack id=&#8221;1773&#8243;]<\/p>\n<p><em>El subsecretario general de Hezbollah, jeque Naim Qassem, concedi\u00f3 una entrevista al canal de televisi\u00f3n iran\u00ed Al-Alam el 13 de junio de 2023.<\/em><\/p>\n<p><em>En este contexto, Qassem sostuvo que Arabia Saudita est\u00e1 reconciliando sus relaciones con Ir\u00e1n porque se ha dado cuenta de que Estados Unidos no le brinda protecci\u00f3n ni al pa\u00eds ni a \u201csus empresas\u201d en la regi\u00f3n. Qassem dijo que Estados Unidos no podr\u00e1 cambiar el \u201cenfoque de reconciliaci\u00f3n que se ha apoderado de la regi\u00f3n\u201d aunque intentar\u00e1 \u201cponer obst\u00e1culos\u201d a este cambio. <\/em><\/p>\n<p><strong>Naim Qassem<\/strong>: &#8220;Estados Unidos no est\u00e1 satisfecho con el acuerdo Arabia Saudita-Ir\u00e1n. Dijeron que no lo quieren, pero no se opondr\u00e1n.<\/p>\n<p><img decoding=\"async\" class=\"alignnone  wp-image-1763\" src=\" alt=\"\" width=\"451\" height=\"331\" \/><\/p>\n<p><img decoding=\"async\" class=\"alignnone  wp-image-1764\" src=\" alt=\"\" width=\"451\" height=\"331\" \/><\/p>\n<p>La raz\u00f3n principal es que Arabia Saudita se ha dado cuenta de que Estados Unidos no provee verdadera protecci\u00f3n a las empresas sauditas en la regi\u00f3n, y no puede garantizar la seguridad de Arabia Saudita si se involucra en las tensiones regionales.<\/p>\n<p><img decoding=\"async\" class=\"alignnone  wp-image-1765\" src=\" alt=\"\" width=\"451\" height=\"331\" \/><\/p>\n<p><img decoding=\"async\" class=\"alignnone  wp-image-1766\" src=\" alt=\"\" width=\"451\" height=\"331\" \/><\/p>\n<p><img decoding=\"async\" class=\"alignnone  wp-image-1767\" src=\" alt=\"\" width=\"451\" height=\"331\" \/><\/p>\n<p><img decoding=\"async\" class=\"alignnone  wp-image-1768\" src=\" alt=\"\" width=\"451\" height=\"331\" \/><\/p>\n<p><img decoding=\"async\" class=\"alignnone  wp-image-1769\" src=\" alt=\"\" width=\"451\" height=\"331\" \/><\/p>\n<p>Tambi\u00e9n ha visto que la continuaci\u00f3n de la crisis en Yemen, en particular, perturbar\u00eda la Visi\u00f3n 2030 saudita, y que la continuaci\u00f3n de la crisis en Siria socavar\u00eda la situaci\u00f3n en los pa\u00edses que rodean a Arabia Saudita.<\/p>\n<p>A eso puedo a\u00f1adir el tema de la arrogancia israel\u00ed. Israel intensifica sus ataques contra los palestinos sin ofrecer ninguna medida eso dar\u00eda confianza respecto al futuro. M\u00e1s bien, (Israel) desea normalizar relaciones con Arabia Saudita y los pa\u00edses \u00e1rabes sin concederles nada a los palestinos. Todo esto indica que Arabia Saudita se ha dado cuenta de que la continuaci\u00f3n de su anterior elecci\u00f3n no le conviene.<\/p>\n<p>[&#8230;]<\/p>\n<p>Estados Unidos no aceptar\u00e1 dejar que la regi\u00f3n se vuelva en contra de la t\u00e1ctica y convicciones estrat\u00e9gicas estadounidenses. Buscar\u00e1n formas de obstaculizar algunas empresas, y tratar\u00e1n de involucrarse. La pregunta es \u00bfpuede Estados Unidos hacer esto? \u00bfTiene las capacidades suficientes para generar cambios en la regi\u00f3n?<\/p>\n<p><img decoding=\"async\" class=\"alignnone  wp-image-1770\" src=\" alt=\"\" width=\"451\" height=\"331\" \/><\/p>\n<p><img decoding=\"async\" class=\"alignnone  wp-image-1771\" src=\" alt=\"\" width=\"451\" height=\"331\" \/><\/p>\n<p><img decoding=\"async\" class=\"alignnone  wp-image-1772\" src=\" alt=\"\" width=\"451\" height=\"331\" \/><\/p>\n<p>Estados Unidos sufre de debilidad, y su desacuerdo con la entidad israel\u00ed es muy agudo, y por ende, no puede ofrecerle a (Arabia Saudita) nada en el frente israel\u00ed. Adem\u00e1s, Estados Unidos est\u00e1 ocupado con Ucrania y los temas internacionales. Por lo tanto, creo que es muy poco probable que Estados Unidos pueda cambiar el enfoque de reconciliaci\u00f3n que se ha apoderado de la regi\u00f3n. Ciertamente, sin embargo, intentar\u00e1n colocar obst\u00e1culos, si pueden&#8221;.<\/p>\n","protected":false},"author":3,"featured_media":1774,"comment_status":"open","ping_status":"open","sticky":false,"template":"","format":"video","meta":{"footnotes":""},"categories":[7,12,2,15,18],"tags":[],"class_list":["post-1762","post","type-post","status-publish","format-video","has-post-thumbnail","hentry","category-arabia-saudita","category-estados-unidos","category-featured","category-iran","category-libano","post_format-post-format-video"],"_links":{"self":[{"href":"https:\/\/www2.memri.org\/espanol\/tv\/wp-json\/wp\/v2\/posts\/1762","targetHints":{"allow":["GET"]}}],"collection":[{"href":"https:\/\/www2.memri.org\/espanol\/tv\/wp-json\/wp\/v2\/posts"}],"about":[{"href":"https:\/\/www2.memri.org\/espanol\/tv\/wp-json\/wp\/v2\/types\/post"}],"author":[{"embeddable":true,"href":"https:\/\/www2.memri.org\/espanol\/tv\/wp-json\/wp\/v2\/users\/3"}],"replies":[{"embeddable":true,"href":"https:\/\/www2.memri.org\/espanol\/tv\/wp-json\/wp\/v2\/comments?post=1762"}],"version-history":[{"count":0,"href":"https:\/\/www2.memri.org\/espanol\/tv\/wp-json\/wp\/v2\/posts\/1762\/revisions"}],"wp:featuredmedia":[{"embeddable":true,"href":"https:\/\/www2.memri.org\/espanol\/tv\/wp-json\/wp\/v2\/media\/1774"}],"wp:attachment":[{"href":"https:\/\/www2.memri.org\/espanol\/tv\/wp-json\/wp\/v2\/media?parent=1762"}],"wp:term":[{"taxonomy":"category","embeddable":true,"href":"https:\/\/www2.memri.org\/espanol\/tv\/wp-json\/wp\/v2\/categories?post=1762"},{"taxonomy":"post_tag","embeddable":true,"href":"https:\/\/www2.memri.org\/espanol\/tv\/wp-json\/wp\/v2\/tags?post=1762"}],"curies":[{"name":"wp","href":"https:\/\/api.w.org\/{rel}","templated":true}]}}