{"id":1746,"date":"2023-06-19T11:19:48","date_gmt":"2023-06-19T08:19:48","guid":{"rendered":"https:\/\/www2.memri.org\/espanol\/tv\/?p=1746"},"modified":"2023-06-19T10:50:02","modified_gmt":"2023-06-19T07:50:02","slug":"parlamentario-libanes-nadim-gemayel-francia-ha-colapsado-todos-sus-intereses-en-el-libano-son-canalizados-a-traves-de-hezbollah-en-un-esfuerzo-por-llegar-a-iran","status":"publish","type":"post","link":"https:\/\/www2.memri.org\/espanol\/tv\/2023\/06\/19\/parlamentario-libanes-nadim-gemayel-francia-ha-colapsado-todos-sus-intereses-en-el-libano-son-canalizados-a-traves-de-hezbollah-en-un-esfuerzo-por-llegar-a-iran\/","title":{"rendered":"Parlamentario liban\u00e9s Nadim Gemayel: \u201cFrancia ha colapsado, todos sus intereses en el L\u00edbano son canalizados a trav\u00e9s de Hezbollah en un esfuerzo por llegar a Ir\u00e1n\u201d"},"content":{"rendered":"<p>[videopack id=&#8221;1748&#8243;]https:\/\/www2.memri.org\/espanol\/tv\/wp-content\/uploads\/2023\/06\/10341-ESP.mp4[\/videopack]<\/p>\n<p><em>El parlamentario liban\u00e9s Nadim Gemayel particip\u00f3 en un programa presentado el 6 de junio de 2023 en Radio La Voz del L\u00edbano. En la ocasi\u00f3n, Gemayel se\u00f1al\u00f3 que \u00e9l supo que Francia hab\u00eda &#8220;colapsado&#8221; cuando el presidente franc\u00e9s Emmanuel Macron lleg\u00f3 al L\u00edbano el d\u00eda despu\u00e9s de la explosi\u00f3n del puerto de Beirut en el 2020 e inst\u00f3 al pueblo liban\u00e9s a &#8220;dejar de lado a Hezbollah&#8221;, distinguiendo entre Hezbollah como entidad pol\u00edtica y como milicia. Gemayel tambi\u00e9n dijo que hoy, todos los intereses de Francia en el L\u00edbano son &#8220;canalizados&#8221; a trav\u00e9s de Hezbollah &#8220;en un esfuerzo por llegar a Ir\u00e1n y a todas las inversiones que Hezbollah pueda facilitarle, ya sea en \u00c1frica o en Ir\u00e1n&#8221;. <\/em><\/p>\n<p><strong>Nadim Gemayel<\/strong>: &#8220;Yo fui el primero en criticar a Emmanuel Macron, cuando lleg\u00f3 al puerto de Beirut (tras la explosi\u00f3n en 2020). Creo que el 6 o el 7 de agosto. Se present\u00f3 en el puerto e hizo su famosa declaraci\u00f3n:<\/p>\n<p><img decoding=\"async\" class=\"alignnone  wp-image-1750\" src=\"https:\/\/www2.memri.org\/espanol\/tv\/wp-content\/uploads\/2023\/06\/10341-2-300x220.jpg\" alt=\"\" width=\"419\" height=\"307\" srcset=\"https:\/\/www2.memri.org\/espanol\/tv\/wp-content\/uploads\/2023\/06\/10341-2-300x220.jpg 300w, https:\/\/www2.memri.org\/espanol\/tv\/wp-content\/uploads\/2023\/06\/10341-2-150x110.jpg 150w, https:\/\/www2.memri.org\/espanol\/tv\/wp-content\/uploads\/2023\/06\/10341-2-573x420.jpg 573w, https:\/\/www2.memri.org\/espanol\/tv\/wp-content\/uploads\/2023\/06\/10341-2-80x60.jpg 80w, https:\/\/www2.memri.org\/espanol\/tv\/wp-content\/uploads\/2023\/06\/10341-2.jpg 655w\" sizes=\"(max-width: 419px) 100vw, 419px\" \/><\/p>\n<p>&#8216;Dejen de lado a Hezbollah. No lidien con ellos. Distinguimos entre Hezbollah terrorista&#8230;&#8217; Perd\u00f3n, no dijo &#8216;terrorista&#8217;- &#8216;entre Hezbollah la milicia y el Hezbollah pol\u00edtico&#8217;.<\/p>\n<p><img decoding=\"async\" class=\"alignnone  wp-image-1751\" src=\"https:\/\/www2.memri.org\/espanol\/tv\/wp-content\/uploads\/2023\/06\/10341-3-300x220.jpg\" alt=\"\" width=\"419\" height=\"307\" srcset=\"https:\/\/www2.memri.org\/espanol\/tv\/wp-content\/uploads\/2023\/06\/10341-3-300x220.jpg 300w, https:\/\/www2.memri.org\/espanol\/tv\/wp-content\/uploads\/2023\/06\/10341-3-150x110.jpg 150w, https:\/\/www2.memri.org\/espanol\/tv\/wp-content\/uploads\/2023\/06\/10341-3-573x420.jpg 573w, https:\/\/www2.memri.org\/espanol\/tv\/wp-content\/uploads\/2023\/06\/10341-3-80x60.jpg 80w, https:\/\/www2.memri.org\/espanol\/tv\/wp-content\/uploads\/2023\/06\/10341-3.jpg 655w\" sizes=\"(max-width: 419px) 100vw, 419px\" \/><\/p>\n<p><img decoding=\"async\" class=\"alignnone  wp-image-1752\" src=\"https:\/\/www2.memri.org\/espanol\/tv\/wp-content\/uploads\/2023\/06\/10341-4-300x220.jpg\" alt=\"\" width=\"419\" height=\"307\" srcset=\"https:\/\/www2.memri.org\/espanol\/tv\/wp-content\/uploads\/2023\/06\/10341-4-300x220.jpg 300w, https:\/\/www2.memri.org\/espanol\/tv\/wp-content\/uploads\/2023\/06\/10341-4-150x110.jpg 150w, https:\/\/www2.memri.org\/espanol\/tv\/wp-content\/uploads\/2023\/06\/10341-4-573x420.jpg 573w, https:\/\/www2.memri.org\/espanol\/tv\/wp-content\/uploads\/2023\/06\/10341-4-80x60.jpg 80w, https:\/\/www2.memri.org\/espanol\/tv\/wp-content\/uploads\/2023\/06\/10341-4.jpg 655w\" sizes=\"(max-width: 419px) 100vw, 419px\" \/><\/p>\n<p>\u201cEl d\u00eda que dijo esto, me di cuenta de que Francia hab\u00eda colapsado y que, desde ese d\u00eda, cualquier cosa que Macron o Francia quisieran hacer en el L\u00edbano servir\u00eda a los intereses de Hezbollah.<\/p>\n<p><img decoding=\"async\" class=\"alignnone  wp-image-1753\" src=\"https:\/\/www2.memri.org\/espanol\/tv\/wp-content\/uploads\/2023\/06\/10341-5-300x220.jpg\" alt=\"\" width=\"419\" height=\"307\" srcset=\"https:\/\/www2.memri.org\/espanol\/tv\/wp-content\/uploads\/2023\/06\/10341-5-300x220.jpg 300w, https:\/\/www2.memri.org\/espanol\/tv\/wp-content\/uploads\/2023\/06\/10341-5-150x110.jpg 150w, https:\/\/www2.memri.org\/espanol\/tv\/wp-content\/uploads\/2023\/06\/10341-5-573x420.jpg 573w, https:\/\/www2.memri.org\/espanol\/tv\/wp-content\/uploads\/2023\/06\/10341-5-80x60.jpg 80w, https:\/\/www2.memri.org\/espanol\/tv\/wp-content\/uploads\/2023\/06\/10341-5.jpg 655w\" sizes=\"(max-width: 419px) 100vw, 419px\" \/><\/p>\n<p><img decoding=\"async\" class=\"alignnone  wp-image-1754\" src=\"https:\/\/www2.memri.org\/espanol\/tv\/wp-content\/uploads\/2023\/06\/10341-6-300x220.jpg\" alt=\"\" width=\"419\" height=\"307\" srcset=\"https:\/\/www2.memri.org\/espanol\/tv\/wp-content\/uploads\/2023\/06\/10341-6-300x220.jpg 300w, https:\/\/www2.memri.org\/espanol\/tv\/wp-content\/uploads\/2023\/06\/10341-6-150x110.jpg 150w, https:\/\/www2.memri.org\/espanol\/tv\/wp-content\/uploads\/2023\/06\/10341-6-573x420.jpg 573w, https:\/\/www2.memri.org\/espanol\/tv\/wp-content\/uploads\/2023\/06\/10341-6-80x60.jpg 80w, https:\/\/www2.memri.org\/espanol\/tv\/wp-content\/uploads\/2023\/06\/10341-6.jpg 655w\" sizes=\"(max-width: 419px) 100vw, 419px\" \/><\/p>\n<p><img decoding=\"async\" class=\"alignnone  wp-image-1755\" src=\"https:\/\/www2.memri.org\/espanol\/tv\/wp-content\/uploads\/2023\/06\/10341-7-300x220.jpg\" alt=\"\" width=\"419\" height=\"307\" srcset=\"https:\/\/www2.memri.org\/espanol\/tv\/wp-content\/uploads\/2023\/06\/10341-7-300x220.jpg 300w, https:\/\/www2.memri.org\/espanol\/tv\/wp-content\/uploads\/2023\/06\/10341-7-150x110.jpg 150w, https:\/\/www2.memri.org\/espanol\/tv\/wp-content\/uploads\/2023\/06\/10341-7-573x420.jpg 573w, https:\/\/www2.memri.org\/espanol\/tv\/wp-content\/uploads\/2023\/06\/10341-7-80x60.jpg 80w, https:\/\/www2.memri.org\/espanol\/tv\/wp-content\/uploads\/2023\/06\/10341-7.jpg 655w\" sizes=\"(max-width: 419px) 100vw, 419px\" \/><\/p>\n<p>Escrib\u00ed una columna en <em>L\u2019Express<\/em> en Francia diciendo esto sobre Macron. Dos a\u00f1os y medio despu\u00e9s, resulta que yo estaba en lo cierto. Hoy, todos los intereses de Francia en el L\u00edbano son canalizados a trav\u00e9s de Hezbollah, en un esfuerzo por llegar a Ir\u00e1n y a todas las inversiones que Hezbollah puede facilitarle, ya sea en \u00c1frica o en Ir\u00e1n&#8221;.<\/p>\n<p><img decoding=\"async\" class=\"alignnone  wp-image-1756\" src=\"https:\/\/www2.memri.org\/espanol\/tv\/wp-content\/uploads\/2023\/06\/10341-8-300x220.jpg\" alt=\"\" width=\"419\" height=\"307\" srcset=\"https:\/\/www2.memri.org\/espanol\/tv\/wp-content\/uploads\/2023\/06\/10341-8-300x220.jpg 300w, https:\/\/www2.memri.org\/espanol\/tv\/wp-content\/uploads\/2023\/06\/10341-8-150x110.jpg 150w, https:\/\/www2.memri.org\/espanol\/tv\/wp-content\/uploads\/2023\/06\/10341-8-573x420.jpg 573w, https:\/\/www2.memri.org\/espanol\/tv\/wp-content\/uploads\/2023\/06\/10341-8-80x60.jpg 80w, https:\/\/www2.memri.org\/espanol\/tv\/wp-content\/uploads\/2023\/06\/10341-8.jpg 655w\" sizes=\"(max-width: 419px) 100vw, 419px\" \/><\/p>\n<p><img decoding=\"async\" class=\"alignnone  wp-image-1757\" src=\"https:\/\/www2.memri.org\/espanol\/tv\/wp-content\/uploads\/2023\/06\/10341-9-300x220.jpg\" alt=\"\" width=\"419\" height=\"307\" srcset=\"https:\/\/www2.memri.org\/espanol\/tv\/wp-content\/uploads\/2023\/06\/10341-9-300x220.jpg 300w, https:\/\/www2.memri.org\/espanol\/tv\/wp-content\/uploads\/2023\/06\/10341-9-150x110.jpg 150w, https:\/\/www2.memri.org\/espanol\/tv\/wp-content\/uploads\/2023\/06\/10341-9-573x420.jpg 573w, https:\/\/www2.memri.org\/espanol\/tv\/wp-content\/uploads\/2023\/06\/10341-9-80x60.jpg 80w, https:\/\/www2.memri.org\/espanol\/tv\/wp-content\/uploads\/2023\/06\/10341-9.jpg 655w\" sizes=\"(max-width: 419px) 100vw, 419px\" \/><\/p>\n<p><img decoding=\"async\" class=\"alignnone  wp-image-1758\" src=\"https:\/\/www2.memri.org\/espanol\/tv\/wp-content\/uploads\/2023\/06\/10341-10-300x220.jpg\" alt=\"\" width=\"419\" height=\"307\" srcset=\"https:\/\/www2.memri.org\/espanol\/tv\/wp-content\/uploads\/2023\/06\/10341-10-300x220.jpg 300w, https:\/\/www2.memri.org\/espanol\/tv\/wp-content\/uploads\/2023\/06\/10341-10-150x110.jpg 150w, https:\/\/www2.memri.org\/espanol\/tv\/wp-content\/uploads\/2023\/06\/10341-10-573x420.jpg 573w, https:\/\/www2.memri.org\/espanol\/tv\/wp-content\/uploads\/2023\/06\/10341-10-80x60.jpg 80w, https:\/\/www2.memri.org\/espanol\/tv\/wp-content\/uploads\/2023\/06\/10341-10.jpg 655w\" sizes=\"(max-width: 419px) 100vw, 419px\" \/><\/p>\n","protected":false},"excerpt":{"rendered":"<p>[videopack id=&#8221;1748&#8243;]<\/p>\n<p><em>El parlamentario liban\u00e9s Nadim Gemayel particip\u00f3 en un programa presentado el 6 de junio de 2023 en Radio La Voz del L\u00edbano. En la ocasi\u00f3n, Gemayel se\u00f1al\u00f3 que \u00e9l supo que Francia hab\u00eda &#8220;colapsado&#8221; cuando el presidente franc\u00e9s Emmanuel Macron lleg\u00f3 al L\u00edbano el d\u00eda despu\u00e9s de la explosi\u00f3n del puerto de Beirut en el 2020 e inst\u00f3 al pueblo liban\u00e9s a &#8220;dejar de lado a Hezbollah&#8221;, distinguiendo entre Hezbollah como entidad pol\u00edtica y como milicia. Gemayel tambi\u00e9n dijo que hoy, todos los intereses de Francia en el L\u00edbano son &#8220;canalizados&#8221; a trav\u00e9s de Hezbollah &#8220;en un esfuerzo por llegar a Ir\u00e1n y a todas las inversiones que Hezbollah pueda facilitarle, ya sea en \u00c1frica o en Ir\u00e1n&#8221;. <\/em><\/p>\n<p><strong>Nadim Gemayel<\/strong>: &#8220;Yo fui el primero en criticar a Emmanuel Macron, cuando lleg\u00f3 al puerto de Beirut (tras la explosi\u00f3n en 2020). Creo que el 6 o el 7 de agosto. Se present\u00f3 en el puerto e hizo su famosa declaraci\u00f3n:<\/p>\n<p><img decoding=\"async\" class=\"alignnone  wp-image-1750\" src=\" alt=\"\" width=\"419\" height=\"307\" \/><\/p>\n<p>&#8216;Dejen de lado a Hezbollah. No lidien con ellos. Distinguimos entre Hezbollah terrorista&#8230;&#8217; Perd\u00f3n, no dijo &#8216;terrorista&#8217;- &#8216;entre Hezbollah la milicia y el Hezbollah pol\u00edtico&#8217;.<\/p>\n<p><img decoding=\"async\" class=\"alignnone  wp-image-1751\" src=\" alt=\"\" width=\"419\" height=\"307\" \/><\/p>\n<p><img decoding=\"async\" class=\"alignnone  wp-image-1752\" src=\" alt=\"\" width=\"419\" height=\"307\" \/><\/p>\n<p>\u201cEl d\u00eda que dijo esto, me di cuenta de que Francia hab\u00eda colapsado y que, desde ese d\u00eda, cualquier cosa que Macron o Francia quisieran hacer en el L\u00edbano servir\u00eda a los intereses de Hezbollah.<\/p>\n<p><img decoding=\"async\" class=\"alignnone  wp-image-1753\" src=\" alt=\"\" width=\"419\" height=\"307\" \/><\/p>\n<p><img decoding=\"async\" class=\"alignnone  wp-image-1754\" src=\" alt=\"\" width=\"419\" height=\"307\" \/><\/p>\n<p><img decoding=\"async\" class=\"alignnone  wp-image-1755\" src=\" alt=\"\" width=\"419\" height=\"307\" \/><\/p>\n<p>Escrib\u00ed una columna en <em>L\u2019Express<\/em> en Francia diciendo esto sobre Macron. Dos a\u00f1os y medio despu\u00e9s, resulta que yo estaba en lo cierto. Hoy, todos los intereses de Francia en el L\u00edbano son canalizados a trav\u00e9s de Hezbollah, en un esfuerzo por llegar a Ir\u00e1n y a todas las inversiones que Hezbollah puede facilitarle, ya sea en \u00c1frica o en Ir\u00e1n&#8221;.<\/p>\n<p><img decoding=\"async\" class=\"alignnone  wp-image-1756\" src=\" alt=\"\" width=\"419\" height=\"307\" \/><\/p>\n<p><img decoding=\"async\" class=\"alignnone  wp-image-1757\" src=\" alt=\"\" width=\"419\" height=\"307\" \/><\/p>\n<p><img decoding=\"async\" class=\"alignnone  wp-image-1758\" src=\" alt=\"\" width=\"419\" height=\"307\" \/><\/p>\n","protected":false},"author":3,"featured_media":1747,"comment_status":"open","ping_status":"open","sticky":false,"template":"","format":"video","meta":{"footnotes":""},"categories":[2,18,5,598],"tags":[],"class_list":["post-1746","post","type-post","status-publish","format-video","has-post-thumbnail","hentry","category-featured","category-libano","category-paises","category-parlamentario-libanes-nadim-gemayel","post_format-post-format-video"],"_links":{"self":[{"href":"https:\/\/www2.memri.org\/espanol\/tv\/wp-json\/wp\/v2\/posts\/1746","targetHints":{"allow":["GET"]}}],"collection":[{"href":"https:\/\/www2.memri.org\/espanol\/tv\/wp-json\/wp\/v2\/posts"}],"about":[{"href":"https:\/\/www2.memri.org\/espanol\/tv\/wp-json\/wp\/v2\/types\/post"}],"author":[{"embeddable":true,"href":"https:\/\/www2.memri.org\/espanol\/tv\/wp-json\/wp\/v2\/users\/3"}],"replies":[{"embeddable":true,"href":"https:\/\/www2.memri.org\/espanol\/tv\/wp-json\/wp\/v2\/comments?post=1746"}],"version-history":[{"count":0,"href":"https:\/\/www2.memri.org\/espanol\/tv\/wp-json\/wp\/v2\/posts\/1746\/revisions"}],"wp:featuredmedia":[{"embeddable":true,"href":"https:\/\/www2.memri.org\/espanol\/tv\/wp-json\/wp\/v2\/media\/1747"}],"wp:attachment":[{"href":"https:\/\/www2.memri.org\/espanol\/tv\/wp-json\/wp\/v2\/media?parent=1746"}],"wp:term":[{"taxonomy":"category","embeddable":true,"href":"https:\/\/www2.memri.org\/espanol\/tv\/wp-json\/wp\/v2\/categories?post=1746"},{"taxonomy":"post_tag","embeddable":true,"href":"https:\/\/www2.memri.org\/espanol\/tv\/wp-json\/wp\/v2\/tags?post=1746"}],"curies":[{"name":"wp","href":"https:\/\/api.w.org\/{rel}","templated":true}]}}