{"id":1723,"date":"2023-06-15T11:53:34","date_gmt":"2023-06-15T08:53:34","guid":{"rendered":"https:\/\/www2.memri.org\/espanol\/tv\/?p=1723"},"modified":"2023-06-15T12:07:45","modified_gmt":"2023-06-15T09:07:45","slug":"academico-iraqui-dr-hamid-alkifaey-la-cantidad-de-uranio-enriquecido-por-iran-indica-claramente-que-tiene-la-intencion-de-producir-armas-nucleares-las-leyes-internacionales-se-basan-en-pac","status":"publish","type":"post","link":"https:\/\/www2.memri.org\/espanol\/tv\/2023\/06\/15\/academico-iraqui-dr-hamid-alkifaey-la-cantidad-de-uranio-enriquecido-por-iran-indica-claramente-que-tiene-la-intencion-de-producir-armas-nucleares-las-leyes-internacionales-se-basan-en-pac\/","title":{"rendered":"Acad\u00e9mico iraqu\u00ed Dr. Hamid Alkifaey: \u201cLa cantidad de uranio enriquecido por Ir\u00e1n indica claramente que tiene la intenci\u00f3n de producir armas nucleares; Las leyes internacionales se basan en pactos y acuerdos mas no en fatuas\u201d"},"content":{"rendered":"<p>[videopack id=&#8221;1738&#8243;]https:\/\/www2.memri.org\/espanol\/tv\/wp-content\/uploads\/2023\/06\/10338-ESP.mp4[\/videopack]<\/p>\n<p><em>El acad\u00e9mico iraqu\u00ed, Dr. Hamid Alkifaey, habl\u00f3 en un programa presentado el 12 de junio de 2023 en el canal de televisi\u00f3n del Reino Unido Al-Hiwar sobre el programa nuclear de Ir\u00e1n.<\/em><\/p>\n<p><em>En este contexto, Alkifaey afirm\u00f3 \u00a0que la cantidad de uranio enriquecido por Ir\u00e1n indica claramente que este pa\u00eds tiene la intenci\u00f3n de producir armas nucleares y que los estados del Golfo, Irak, Azerbaiy\u00e1n y Turqu\u00eda est\u00e1n leg\u00edtimamente preocupados por el armamento de Ir\u00e1n. A continuaci\u00f3n se le pregunt\u00f3 acerca de la reciente declaraci\u00f3n del l\u00edder supremo de Ir\u00e1n Ali Khamenei, en la que afirm\u00f3 que Ir\u00e1n se opone a la producci\u00f3n y proliferaci\u00f3n de armas de destrucci\u00f3n masiva. Al respecto, Hamid Alkifaey dijo que Ir\u00e1n no cumple con las leyes del islam, tal como lo demuestra su intromisi\u00f3n en los asuntos de otros pa\u00edses y el asesinato de manifestantes y, por lo tanto, no debe confiarse en que se adhiera a una fatua que establece la prohibici\u00f3n de obtener armas nucleares. <\/em><\/p>\n<p><strong>Dr. Hamid Alkifaey:<\/strong> &#8220;Las armas nucleares requieren uranio enriquecido al 90%. La OIEA dice que Ir\u00e1n tiene cerca de 115 kg de uranio enriquecido al 60%.<\/p>\n<p><img decoding=\"async\" class=\"alignnone wp-image-1725\" src=\"https:\/\/www2.memri.org\/espanol\/tv\/wp-content\/uploads\/2023\/06\/10338-1-300x220.jpg\" alt=\"\" width=\"528\" height=\"387\" srcset=\"https:\/\/www2.memri.org\/espanol\/tv\/wp-content\/uploads\/2023\/06\/10338-1-300x220.jpg 300w, https:\/\/www2.memri.org\/espanol\/tv\/wp-content\/uploads\/2023\/06\/10338-1-150x110.jpg 150w, https:\/\/www2.memri.org\/espanol\/tv\/wp-content\/uploads\/2023\/06\/10338-1-573x420.jpg 573w, https:\/\/www2.memri.org\/espanol\/tv\/wp-content\/uploads\/2023\/06\/10338-1-80x60.jpg 80w, https:\/\/www2.memri.org\/espanol\/tv\/wp-content\/uploads\/2023\/06\/10338-1.jpg 655w\" sizes=\"(max-width: 528px) 100vw, 528px\" \/><\/p>\n<p><img decoding=\"async\" class=\"alignnone wp-image-1726\" src=\"https:\/\/www2.memri.org\/espanol\/tv\/wp-content\/uploads\/2023\/06\/10338-2-300x220.jpg\" alt=\"\" width=\"528\" height=\"387\" srcset=\"https:\/\/www2.memri.org\/espanol\/tv\/wp-content\/uploads\/2023\/06\/10338-2-300x220.jpg 300w, https:\/\/www2.memri.org\/espanol\/tv\/wp-content\/uploads\/2023\/06\/10338-2-150x110.jpg 150w, https:\/\/www2.memri.org\/espanol\/tv\/wp-content\/uploads\/2023\/06\/10338-2-573x420.jpg 573w, https:\/\/www2.memri.org\/espanol\/tv\/wp-content\/uploads\/2023\/06\/10338-2-80x60.jpg 80w, https:\/\/www2.memri.org\/espanol\/tv\/wp-content\/uploads\/2023\/06\/10338-2.jpg 655w\" sizes=\"(max-width: 528px) 100vw, 528px\" \/><\/p>\n<p>Ir\u00e1n no tiene instalaciones civiles que requieran el uso de cantidades tan grandes de uranio. Entonces, \u00bfpor qu\u00e9 Ir\u00e1n produce todas esas cantidades? Est\u00e1 claro que Ir\u00e1n tiene la intenci\u00f3n de producir armas nucleares.<\/p>\n<p><img decoding=\"async\" class=\"alignnone wp-image-1727\" src=\"https:\/\/www2.memri.org\/espanol\/tv\/wp-content\/uploads\/2023\/06\/10338-3-300x220.jpg\" alt=\"\" width=\"528\" height=\"387\" srcset=\"https:\/\/www2.memri.org\/espanol\/tv\/wp-content\/uploads\/2023\/06\/10338-3-300x220.jpg 300w, https:\/\/www2.memri.org\/espanol\/tv\/wp-content\/uploads\/2023\/06\/10338-3-150x110.jpg 150w, https:\/\/www2.memri.org\/espanol\/tv\/wp-content\/uploads\/2023\/06\/10338-3-573x420.jpg 573w, https:\/\/www2.memri.org\/espanol\/tv\/wp-content\/uploads\/2023\/06\/10338-3-80x60.jpg 80w, https:\/\/www2.memri.org\/espanol\/tv\/wp-content\/uploads\/2023\/06\/10338-3.jpg 655w\" sizes=\"(max-width: 528px) 100vw, 528px\" \/><\/p>\n<p><img decoding=\"async\" class=\"alignnone wp-image-1728\" src=\"https:\/\/www2.memri.org\/espanol\/tv\/wp-content\/uploads\/2023\/06\/10338-4-300x220.jpg\" alt=\"\" width=\"528\" height=\"387\" srcset=\"https:\/\/www2.memri.org\/espanol\/tv\/wp-content\/uploads\/2023\/06\/10338-4-300x220.jpg 300w, https:\/\/www2.memri.org\/espanol\/tv\/wp-content\/uploads\/2023\/06\/10338-4-150x110.jpg 150w, https:\/\/www2.memri.org\/espanol\/tv\/wp-content\/uploads\/2023\/06\/10338-4-573x420.jpg 573w, https:\/\/www2.memri.org\/espanol\/tv\/wp-content\/uploads\/2023\/06\/10338-4-80x60.jpg 80w, https:\/\/www2.memri.org\/espanol\/tv\/wp-content\/uploads\/2023\/06\/10338-4.jpg 655w\" sizes=\"(max-width: 528px) 100vw, 528px\" \/><\/p>\n<p><img decoding=\"async\" class=\"alignnone wp-image-1729\" src=\"https:\/\/www2.memri.org\/espanol\/tv\/wp-content\/uploads\/2023\/06\/10338-5-300x220.jpg\" alt=\"\" width=\"528\" height=\"387\" srcset=\"https:\/\/www2.memri.org\/espanol\/tv\/wp-content\/uploads\/2023\/06\/10338-5-300x220.jpg 300w, https:\/\/www2.memri.org\/espanol\/tv\/wp-content\/uploads\/2023\/06\/10338-5-150x110.jpg 150w, https:\/\/www2.memri.org\/espanol\/tv\/wp-content\/uploads\/2023\/06\/10338-5-573x420.jpg 573w, https:\/\/www2.memri.org\/espanol\/tv\/wp-content\/uploads\/2023\/06\/10338-5-80x60.jpg 80w, https:\/\/www2.memri.org\/espanol\/tv\/wp-content\/uploads\/2023\/06\/10338-5.jpg 655w\" sizes=\"(max-width: 528px) 100vw, 528px\" \/><\/p>\n<p>Los pa\u00edses del Golfo le temen con raz\u00f3n a un arma nuclear iran\u00ed. Ir\u00e1n se inmiscuye en los asuntos de todos los pa\u00edses del Golfo &#8211; en el aspecto militar, pol\u00edtico y religioso. Por lo tanto, los pa\u00edses del Golfo, Irak, Azerbaiy\u00e1n, Turqu\u00eda &#8211; de hecho, todos los pa\u00edses de la regi\u00f3n &#8211; est\u00e1n preocupados por el armamento iran\u00ed, y no solo el armamento nuclear, sino tambi\u00e9n los misiles bal\u00edsticos. Ir\u00e1n es un pa\u00eds cuya constituci\u00f3n dice que las fuerzas armadas iran\u00edes llevan consigo una carga divina, y que ello les permite intervenir (en los asuntos de otros). Nosotros ni siquiera sabemos qu\u00e9 es esa (carga)\u2026&#8221;<\/p>\n<p><img decoding=\"async\" class=\"alignnone wp-image-1730\" src=\"https:\/\/www2.memri.org\/espanol\/tv\/wp-content\/uploads\/2023\/06\/10338-6-300x220.jpg\" alt=\"\" width=\"528\" height=\"387\" srcset=\"https:\/\/www2.memri.org\/espanol\/tv\/wp-content\/uploads\/2023\/06\/10338-6-300x220.jpg 300w, https:\/\/www2.memri.org\/espanol\/tv\/wp-content\/uploads\/2023\/06\/10338-6-150x110.jpg 150w, https:\/\/www2.memri.org\/espanol\/tv\/wp-content\/uploads\/2023\/06\/10338-6-573x420.jpg 573w, https:\/\/www2.memri.org\/espanol\/tv\/wp-content\/uploads\/2023\/06\/10338-6-80x60.jpg 80w, https:\/\/www2.memri.org\/espanol\/tv\/wp-content\/uploads\/2023\/06\/10338-6.jpg 655w\" sizes=\"(max-width: 528px) 100vw, 528px\" \/><\/p>\n<p><img decoding=\"async\" class=\"alignnone wp-image-1731\" src=\"https:\/\/www2.memri.org\/espanol\/tv\/wp-content\/uploads\/2023\/06\/10338-7-300x220.jpg\" alt=\"\" width=\"528\" height=\"387\" srcset=\"https:\/\/www2.memri.org\/espanol\/tv\/wp-content\/uploads\/2023\/06\/10338-7-300x220.jpg 300w, https:\/\/www2.memri.org\/espanol\/tv\/wp-content\/uploads\/2023\/06\/10338-7-150x110.jpg 150w, https:\/\/www2.memri.org\/espanol\/tv\/wp-content\/uploads\/2023\/06\/10338-7-573x420.jpg 573w, https:\/\/www2.memri.org\/espanol\/tv\/wp-content\/uploads\/2023\/06\/10338-7-80x60.jpg 80w, https:\/\/www2.memri.org\/espanol\/tv\/wp-content\/uploads\/2023\/06\/10338-7.jpg 655w\" sizes=\"(max-width: 528px) 100vw, 528px\" \/><\/p>\n<p><strong>Entrevistador: <\/strong>&#8220;Pero el l\u00edder supremo dijo hace un par de d\u00edas que la ideolog\u00eda de Ir\u00e1n se opone a la producci\u00f3n y proliferaci\u00f3n de armas de destrucci\u00f3n masiva, ya sean nucleares u otras&#8230;&#8221;<\/p>\n<p><strong>Alkifaey:<\/strong> &#8220;Ellos siempre dicen eso&#8230;&#8221;<\/p>\n<p><strong>Entrevistador:<\/strong> &#8220;Esta tambi\u00e9n era la postura de Khomeini, por cierto&#8221;.<\/p>\n<p><img decoding=\"async\" class=\"alignnone wp-image-1733\" src=\"https:\/\/www2.memri.org\/espanol\/tv\/wp-content\/uploads\/2023\/06\/10338-9-300x220.jpg\" alt=\"\" width=\"528\" height=\"387\" srcset=\"https:\/\/www2.memri.org\/espanol\/tv\/wp-content\/uploads\/2023\/06\/10338-9-300x220.jpg 300w, https:\/\/www2.memri.org\/espanol\/tv\/wp-content\/uploads\/2023\/06\/10338-9-150x110.jpg 150w, https:\/\/www2.memri.org\/espanol\/tv\/wp-content\/uploads\/2023\/06\/10338-9-573x420.jpg 573w, https:\/\/www2.memri.org\/espanol\/tv\/wp-content\/uploads\/2023\/06\/10338-9-80x60.jpg 80w, https:\/\/www2.memri.org\/espanol\/tv\/wp-content\/uploads\/2023\/06\/10338-9.jpg 655w\" sizes=\"(max-width: 528px) 100vw, 528px\" \/><\/p>\n<p><img decoding=\"async\" class=\"alignnone wp-image-1732\" src=\"https:\/\/www2.memri.org\/espanol\/tv\/wp-content\/uploads\/2023\/06\/10338-8-300x220.jpg\" alt=\"\" width=\"528\" height=\"387\" srcset=\"https:\/\/www2.memri.org\/espanol\/tv\/wp-content\/uploads\/2023\/06\/10338-8-300x220.jpg 300w, https:\/\/www2.memri.org\/espanol\/tv\/wp-content\/uploads\/2023\/06\/10338-8-150x110.jpg 150w, https:\/\/www2.memri.org\/espanol\/tv\/wp-content\/uploads\/2023\/06\/10338-8-573x420.jpg 573w, https:\/\/www2.memri.org\/espanol\/tv\/wp-content\/uploads\/2023\/06\/10338-8-80x60.jpg 80w, https:\/\/www2.memri.org\/espanol\/tv\/wp-content\/uploads\/2023\/06\/10338-8.jpg 655w\" sizes=\"(max-width: 528px) 100vw, 528px\" \/><\/p>\n<p><strong>Alkifaey:<\/strong> &#8220;El Derecho Internacional no se rige por <em>fatuas<\/em>. Se basa en leyes, acuerdos y pactos. Ir\u00e1n dice que tiene una <em>fatua<\/em> que proh\u00edbe las armas nucleares. \u00bfAlguna vez Ir\u00e1n opera de acuerdo con el islam? \u00bfInmiscuirse en los asuntos de otros pa\u00edses es acorde a los principios del islam? \u00bfEst\u00e1 de acuerdo con los principios del islam el asesinato de manifestantes? Nadie cree en estas afirmaciones&#8221;.<\/p>\n<p><img decoding=\"async\" class=\"alignnone wp-image-1734\" src=\"https:\/\/www2.memri.org\/espanol\/tv\/wp-content\/uploads\/2023\/06\/10338-10-300x220.jpg\" alt=\"\" width=\"528\" height=\"387\" srcset=\"https:\/\/www2.memri.org\/espanol\/tv\/wp-content\/uploads\/2023\/06\/10338-10-300x220.jpg 300w, https:\/\/www2.memri.org\/espanol\/tv\/wp-content\/uploads\/2023\/06\/10338-10-150x110.jpg 150w, https:\/\/www2.memri.org\/espanol\/tv\/wp-content\/uploads\/2023\/06\/10338-10-573x420.jpg 573w, https:\/\/www2.memri.org\/espanol\/tv\/wp-content\/uploads\/2023\/06\/10338-10-80x60.jpg 80w, https:\/\/www2.memri.org\/espanol\/tv\/wp-content\/uploads\/2023\/06\/10338-10.jpg 655w\" sizes=\"(max-width: 528px) 100vw, 528px\" \/><\/p>\n<p><img decoding=\"async\" class=\"alignnone wp-image-1735\" src=\"https:\/\/www2.memri.org\/espanol\/tv\/wp-content\/uploads\/2023\/06\/10338-11-300x220.jpg\" alt=\"\" width=\"528\" height=\"387\" srcset=\"https:\/\/www2.memri.org\/espanol\/tv\/wp-content\/uploads\/2023\/06\/10338-11-300x220.jpg 300w, https:\/\/www2.memri.org\/espanol\/tv\/wp-content\/uploads\/2023\/06\/10338-11-150x110.jpg 150w, https:\/\/www2.memri.org\/espanol\/tv\/wp-content\/uploads\/2023\/06\/10338-11-573x420.jpg 573w, https:\/\/www2.memri.org\/espanol\/tv\/wp-content\/uploads\/2023\/06\/10338-11-80x60.jpg 80w, https:\/\/www2.memri.org\/espanol\/tv\/wp-content\/uploads\/2023\/06\/10338-11.jpg 655w\" sizes=\"(max-width: 528px) 100vw, 528px\" \/><\/p>\n<p><img decoding=\"async\" class=\"alignnone wp-image-1736\" src=\"https:\/\/www2.memri.org\/espanol\/tv\/wp-content\/uploads\/2023\/06\/10338-12-300x220.jpg\" alt=\"\" width=\"528\" height=\"387\" srcset=\"https:\/\/www2.memri.org\/espanol\/tv\/wp-content\/uploads\/2023\/06\/10338-12-300x220.jpg 300w, https:\/\/www2.memri.org\/espanol\/tv\/wp-content\/uploads\/2023\/06\/10338-12-150x110.jpg 150w, https:\/\/www2.memri.org\/espanol\/tv\/wp-content\/uploads\/2023\/06\/10338-12-573x420.jpg 573w, https:\/\/www2.memri.org\/espanol\/tv\/wp-content\/uploads\/2023\/06\/10338-12-80x60.jpg 80w, https:\/\/www2.memri.org\/espanol\/tv\/wp-content\/uploads\/2023\/06\/10338-12.jpg 655w\" sizes=\"(max-width: 528px) 100vw, 528px\" \/><\/p>\n<p>&nbsp;<\/p>\n","protected":false},"excerpt":{"rendered":"<p>[videopack id=&#8221;1738&#8243;]<\/p>\n<p><em>El acad\u00e9mico iraqu\u00ed, Dr. Hamid Alkifaey, habl\u00f3 en un programa presentado el 12 de junio de 2023 en el canal de televisi\u00f3n del Reino Unido Al-Hiwar sobre el programa nuclear de Ir\u00e1n.<\/em><\/p>\n<p><em>En este contexto, Alkifaey afirm\u00f3 \u00a0que la cantidad de uranio enriquecido por Ir\u00e1n indica claramente que este pa\u00eds tiene la intenci\u00f3n de producir armas nucleares y que los estados del Golfo, Irak, Azerbaiy\u00e1n y Turqu\u00eda est\u00e1n leg\u00edtimamente preocupados por el armamento de Ir\u00e1n. A continuaci\u00f3n se le pregunt\u00f3 acerca de la reciente declaraci\u00f3n del l\u00edder supremo de Ir\u00e1n Ali Khamenei, en la que afirm\u00f3 que Ir\u00e1n se opone a la producci\u00f3n y proliferaci\u00f3n de armas de destrucci\u00f3n masiva. Al respecto, Hamid Alkifaey dijo que Ir\u00e1n no cumple con las leyes del islam, tal como lo demuestra su intromisi\u00f3n en los asuntos de otros pa\u00edses y el asesinato de manifestantes y, por lo tanto, no debe confiarse en que se adhiera a una fatua que establece la prohibici\u00f3n de obtener armas nucleares. <\/em><\/p>\n<p><strong>Dr. Hamid Alkifaey:<\/strong> &#8220;Las armas nucleares requieren uranio enriquecido al 90%. La OIEA dice que Ir\u00e1n tiene cerca de 115 kg de uranio enriquecido al 60%.<\/p>\n<p><img decoding=\"async\" class=\"alignnone wp-image-1725\" src=\" alt=\"\" width=\"528\" height=\"387\" \/><\/p>\n<p><img decoding=\"async\" class=\"alignnone wp-image-1726\" src=\" alt=\"\" width=\"528\" height=\"387\" \/><\/p>\n<p>Ir\u00e1n no tiene instalaciones civiles que requieran el uso de cantidades tan grandes de uranio. Entonces, \u00bfpor qu\u00e9 Ir\u00e1n produce todas esas cantidades? Est\u00e1 claro que Ir\u00e1n tiene la intenci\u00f3n de producir armas nucleares.<\/p>\n<p><img decoding=\"async\" class=\"alignnone wp-image-1727\" src=\" alt=\"\" width=\"528\" height=\"387\" \/><\/p>\n<p><img decoding=\"async\" class=\"alignnone wp-image-1728\" src=\" alt=\"\" width=\"528\" height=\"387\" \/><\/p>\n<p><img decoding=\"async\" class=\"alignnone wp-image-1729\" src=\" alt=\"\" width=\"528\" height=\"387\" \/><\/p>\n<p>Los pa\u00edses del Golfo le temen con raz\u00f3n a un arma nuclear iran\u00ed. Ir\u00e1n se inmiscuye en los asuntos de todos los pa\u00edses del Golfo &#8211; en el aspecto militar, pol\u00edtico y religioso. Por lo tanto, los pa\u00edses del Golfo, Irak, Azerbaiy\u00e1n, Turqu\u00eda &#8211; de hecho, todos los pa\u00edses de la regi\u00f3n &#8211; est\u00e1n preocupados por el armamento iran\u00ed, y no solo el armamento nuclear, sino tambi\u00e9n los misiles bal\u00edsticos. Ir\u00e1n es un pa\u00eds cuya constituci\u00f3n dice que las fuerzas armadas iran\u00edes llevan consigo una carga divina, y que ello les permite intervenir (en los asuntos de otros). Nosotros ni siquiera sabemos qu\u00e9 es esa (carga)\u2026&#8221;<\/p>\n<p><img decoding=\"async\" class=\"alignnone wp-image-1730\" src=\" alt=\"\" width=\"528\" height=\"387\" \/><\/p>\n<p><img decoding=\"async\" class=\"alignnone wp-image-1731\" src=\" alt=\"\" width=\"528\" height=\"387\" \/><\/p>\n<p><strong>Entrevistador: <\/strong>&#8220;Pero el l\u00edder supremo dijo hace un par de d\u00edas que la ideolog\u00eda de Ir\u00e1n se opone a la producci\u00f3n y proliferaci\u00f3n de armas de destrucci\u00f3n masiva, ya sean nucleares u otras&#8230;&#8221;<\/p>\n<p><strong>Alkifaey:<\/strong> &#8220;Ellos siempre dicen eso&#8230;&#8221;<\/p>\n<p><strong>Entrevistador:<\/strong> &#8220;Esta tambi\u00e9n era la postura de Khomeini, por cierto&#8221;.<\/p>\n<p><img decoding=\"async\" class=\"alignnone wp-image-1733\" src=\" alt=\"\" width=\"528\" height=\"387\" \/><\/p>\n<p><img decoding=\"async\" class=\"alignnone wp-image-1732\" src=\" alt=\"\" width=\"528\" height=\"387\" \/><\/p>\n<p><strong>Alkifaey:<\/strong> &#8220;El Derecho Internacional no se rige por <em>fatuas<\/em>. Se basa en leyes, acuerdos y pactos. Ir\u00e1n dice que tiene una <em>fatua<\/em> que proh\u00edbe las armas nucleares. \u00bfAlguna vez Ir\u00e1n opera de acuerdo con el islam? \u00bfInmiscuirse en los asuntos de otros pa\u00edses es acorde a los principios del islam? \u00bfEst\u00e1 de acuerdo con los principios del islam el asesinato de manifestantes? Nadie cree en estas afirmaciones&#8221;.<\/p>\n<p><img decoding=\"async\" class=\"alignnone wp-image-1734\" src=\" alt=\"\" width=\"528\" height=\"387\" \/><\/p>\n<p><img decoding=\"async\" class=\"alignnone wp-image-1735\" src=\" alt=\"\" width=\"528\" height=\"387\" \/><\/p>\n<p><img decoding=\"async\" class=\"alignnone wp-image-1736\" src=\" alt=\"\" width=\"528\" height=\"387\" \/><\/p>\n<p>&nbsp;<\/p>\n","protected":false},"author":3,"featured_media":1724,"comment_status":"open","ping_status":"open","sticky":false,"template":"","format":"video","meta":{"footnotes":""},"categories":[14,15,384],"tags":[],"class_list":["post-1723","post","type-post","status-publish","format-video","has-post-thumbnail","hentry","category-irak","category-iran","category-programa-nuclear-de-iran-y-posibilidades-de-un-nuevo-acuerdo","post_format-post-format-video"],"_links":{"self":[{"href":"https:\/\/www2.memri.org\/espanol\/tv\/wp-json\/wp\/v2\/posts\/1723","targetHints":{"allow":["GET"]}}],"collection":[{"href":"https:\/\/www2.memri.org\/espanol\/tv\/wp-json\/wp\/v2\/posts"}],"about":[{"href":"https:\/\/www2.memri.org\/espanol\/tv\/wp-json\/wp\/v2\/types\/post"}],"author":[{"embeddable":true,"href":"https:\/\/www2.memri.org\/espanol\/tv\/wp-json\/wp\/v2\/users\/3"}],"replies":[{"embeddable":true,"href":"https:\/\/www2.memri.org\/espanol\/tv\/wp-json\/wp\/v2\/comments?post=1723"}],"version-history":[{"count":0,"href":"https:\/\/www2.memri.org\/espanol\/tv\/wp-json\/wp\/v2\/posts\/1723\/revisions"}],"wp:featuredmedia":[{"embeddable":true,"href":"https:\/\/www2.memri.org\/espanol\/tv\/wp-json\/wp\/v2\/media\/1724"}],"wp:attachment":[{"href":"https:\/\/www2.memri.org\/espanol\/tv\/wp-json\/wp\/v2\/media?parent=1723"}],"wp:term":[{"taxonomy":"category","embeddable":true,"href":"https:\/\/www2.memri.org\/espanol\/tv\/wp-json\/wp\/v2\/categories?post=1723"},{"taxonomy":"post_tag","embeddable":true,"href":"https:\/\/www2.memri.org\/espanol\/tv\/wp-json\/wp\/v2\/tags?post=1723"}],"curies":[{"name":"wp","href":"https:\/\/api.w.org\/{rel}","templated":true}]}}