{"id":1720,"date":"2023-06-14T10:17:01","date_gmt":"2023-06-14T07:17:01","guid":{"rendered":"https:\/\/www2.memri.org\/espanol\/tv\/?p=1720"},"modified":"2023-06-14T10:23:35","modified_gmt":"2023-06-14T07:23:35","slug":"lider-supremo-irani-ali-khamenei-no-queremos-armas-nucleares-pero-si-las-quisieramos-nuestros-enemigos-no-podrian-impedirlo","status":"publish","type":"post","link":"https:\/\/www2.memri.org\/espanol\/tv\/2023\/06\/14\/lider-supremo-irani-ali-khamenei-no-queremos-armas-nucleares-pero-si-las-quisieramos-nuestros-enemigos-no-podrian-impedirlo\/","title":{"rendered":"L\u00edder supremo de Ir\u00e1n, Ali Khamenei: \u201cNo queremos armas nucleares, pero si las quisi\u00e9ramos, nuestros enemigos no podr\u00edan impedirlo\u201d"},"content":{"rendered":"<p>[videopack id=&#8221;1721&#8243;]https:\/\/www2.memri.org\/espanol\/tv\/wp-content\/uploads\/2023\/06\/10335-ESP.mp4[\/videopack]<\/p>\n<p><em>El l\u00edder supremo de Ir\u00e1n, Ali Khamenei, pronunci\u00f3 un discurso el 11 de junio de 2023, que fue transmitido por el Canal 1 de la televisi\u00f3n iran\u00ed.<\/em><\/p>\n<p><em>En la ocasi\u00f3n, Khamenei sostuvo que los enemigos de Ir\u00e1n saben que su pa\u00eds \u201cno est\u00e1 interesado en obtener un arma nuclear\u201d, y explic\u00f3: \u201cNos oponemos a los asesinatos en masa. Esto va en contra de nuestra religi\u00f3n, contra el islam&#8221;. Khamenei dijo que, incluso si Ir\u00e1n quisiera obtener armas nucleares, sus enemigos no podr\u00edan evitar que las produjera, tal como no han podido interrumpir el actual &#8220;avance nuclear&#8221; de Ir\u00e1n. <\/em><\/p>\n<p><em>Khamenei tambi\u00e9n afirm\u00f3: &#8220;Si quisi\u00e9semos un arma nuclear, la fabricar\u00edamos&#8221;. Adem\u00e1s, dijo que Ir\u00e1n debe mantener contacto y cooperar con la agencia nuclear de la ONU,OIEA, pero no debe &#8220;rendirse&#8221; a ning\u00fan tipo de demanda o intimidaci\u00f3n m\u00e1s all\u00e1 de las normas de salvaguardia que &#8220;prevalecen internacionalmente&#8221;. <\/em><\/p>\n","protected":false},"excerpt":{"rendered":"<p>[videopack id=&#8221;1721&#8243;]<\/p>\n<p><em>El l\u00edder supremo de Ir\u00e1n, Ali Khamenei, pronunci\u00f3 un discurso el 11 de junio de 2023, que fue transmitido por el Canal 1 de la televisi\u00f3n iran\u00ed.<\/em><\/p>\n<p><em>En la ocasi\u00f3n, Khamenei sostuvo que los enemigos de Ir\u00e1n saben que su pa\u00eds \u201cno est\u00e1 interesado en obtener un arma nuclear\u201d, y explic\u00f3: \u201cNos oponemos a los asesinatos en masa. Esto va en contra de nuestra religi\u00f3n, contra el islam&#8221;. Khamenei dijo que, incluso si Ir\u00e1n quisiera obtener armas nucleares, sus enemigos no podr\u00edan evitar que las produjera, tal como no han podido interrumpir el actual &#8220;avance nuclear&#8221; de Ir\u00e1n. <\/em><\/p>\n<p><em>Khamenei tambi\u00e9n afirm\u00f3: &#8220;Si quisi\u00e9semos un arma nuclear, la fabricar\u00edamos&#8221;. Adem\u00e1s, dijo que Ir\u00e1n debe mantener contacto y cooperar con la agencia nuclear de la ONU,OIEA, pero no debe &#8220;rendirse&#8221; a ning\u00fan tipo de demanda o intimidaci\u00f3n m\u00e1s all\u00e1 de las normas de salvaguardia que &#8220;prevalecen internacionalmente&#8221;. <\/em><\/p>\n","protected":false},"author":3,"featured_media":1722,"comment_status":"open","ping_status":"open","sticky":false,"template":"","format":"video","meta":{"footnotes":""},"categories":[2,15],"tags":[],"class_list":["post-1720","post","type-post","status-publish","format-video","has-post-thumbnail","hentry","category-featured","category-iran","post_format-post-format-video"],"_links":{"self":[{"href":"https:\/\/www2.memri.org\/espanol\/tv\/wp-json\/wp\/v2\/posts\/1720","targetHints":{"allow":["GET"]}}],"collection":[{"href":"https:\/\/www2.memri.org\/espanol\/tv\/wp-json\/wp\/v2\/posts"}],"about":[{"href":"https:\/\/www2.memri.org\/espanol\/tv\/wp-json\/wp\/v2\/types\/post"}],"author":[{"embeddable":true,"href":"https:\/\/www2.memri.org\/espanol\/tv\/wp-json\/wp\/v2\/users\/3"}],"replies":[{"embeddable":true,"href":"https:\/\/www2.memri.org\/espanol\/tv\/wp-json\/wp\/v2\/comments?post=1720"}],"version-history":[{"count":0,"href":"https:\/\/www2.memri.org\/espanol\/tv\/wp-json\/wp\/v2\/posts\/1720\/revisions"}],"wp:featuredmedia":[{"embeddable":true,"href":"https:\/\/www2.memri.org\/espanol\/tv\/wp-json\/wp\/v2\/media\/1722"}],"wp:attachment":[{"href":"https:\/\/www2.memri.org\/espanol\/tv\/wp-json\/wp\/v2\/media?parent=1720"}],"wp:term":[{"taxonomy":"category","embeddable":true,"href":"https:\/\/www2.memri.org\/espanol\/tv\/wp-json\/wp\/v2\/categories?post=1720"},{"taxonomy":"post_tag","embeddable":true,"href":"https:\/\/www2.memri.org\/espanol\/tv\/wp-json\/wp\/v2\/tags?post=1720"}],"curies":[{"name":"wp","href":"https:\/\/api.w.org\/{rel}","templated":true}]}}